{"id":205,"date":"2026-03-13T20:43:11","date_gmt":"2026-03-13T20:43:11","guid":{"rendered":"https:\/\/decagone-prevoyance.fr\/blog\/comment-calculer-la-rente-invalidite-en-prevoyance-efficacement-205"},"modified":"2026-03-13T20:43:11","modified_gmt":"2026-03-13T20:43:11","slug":"comment-calculer-la-rente-invalidite-en-prevoyance-efficacement","status":"publish","type":"post","link":"https:\/\/decagone-prevoyance.fr\/blog\/comment-calculer-la-rente-invalidite-en-prevoyance-efficacement-205","title":{"rendered":"Comment calculer la rente invalidit\u00e9 en pr\u00e9voyance efficacement"},"content":{"rendered":"<p class=\"wp-block-paragraph\">Une incapacit\u00e9 durable \u00e0 travailler, qu\u2019elle soit provoqu\u00e9e par une maladie ou un accident, bouleverse profond\u00e9ment l\u2019\u00e9quilibre financier et personnel. La rente invalidit\u00e9, au c\u0153ur des contrats de pr\u00e9voyance, repr\u00e9sente alors une bou\u00e9e essentielle pour pr\u00e9server un niveau de vie stable face \u00e0 cette nouvelle r\u00e9alit\u00e9. Comprendre les modalit\u00e9s de calcul de cette rente en 2026 est indispensable pour anticiper au mieux ses droits et choisir la garantie pr\u00e9voyance adapt\u00e9e \u00e0 sa situation. De la notion de taux d&rsquo;invalidit\u00e9 aux conditions d\u2019\u00e9ligibilit\u00e9 en passant par les possibilit\u00e9s de cumul de revenus, ce dossier explicite les m\u00e9canismes \u00e0 ma\u00eetriser pour s\u00e9curiser efficacement ses revenus en cas d\u2019av\u00e8nement d\u2019une invalidit\u00e9. Ce panorama s\u2019appuie sur les r\u00e8gles actualis\u00e9es et des exemples concrets, issus d\u2019une longue exp\u00e9rience dans le secteur de l\u2019assurance.<\/p>\n\n<p class=\"wp-block-paragraph\"><strong>En bref :<\/strong><\/p>\n\n<ul class=\"wp-block-list\"><li>La rente invalidit\u00e9 compense une perte durable de revenus li\u00e9e \u00e0 une incapacit\u00e9 de travail reconnue m\u00e9dicalement.<\/li><li>Le calcul de la rente repose sur le salaire annuel moyen de r\u00e9f\u00e9rence et sur le taux d\u2019invalidit\u00e9 attribu\u00e9 par le m\u00e9decin conseil de la S\u00e9curit\u00e9 sociale.<\/li><li>Diff\u00e9rentes cat\u00e9gories d\u2019invalidit\u00e9 d\u00e9terminent les taux appliqu\u00e9s et les montants vers\u00e9s.<\/li><li>Pour en b\u00e9n\u00e9ficier, il est n\u00e9cessaire de remplir des conditions strictes notamment d\u2019affiliation et de cotisations.<\/li><li>La rente peut \u00eatre cumul\u00e9e avec des revenus d\u2019activit\u00e9 dans la limite d\u2019un plafond, \u00e9vitant ainsi une pr\u00e9carisation financi\u00e8re.<\/li><li>La conversion automatique en pension de retraite intervient \u00e0 l\u2019\u00e2ge l\u00e9gal, maintenant les droits acquis.<\/li><\/ul>\n\n<div id=\"ez-toc-container\" class=\"ez-toc-v2_0_81 counter-hierarchy ez-toc-counter ez-toc-transparent ez-toc-container-direction\">\n<div class=\"ez-toc-title-container\">\n<p class=\"ez-toc-title\" style=\"cursor:inherit\">Table of Contents<\/p>\n<span class=\"ez-toc-title-toggle\"><a href=\"#\" class=\"ez-toc-pull-right ez-toc-btn ez-toc-btn-xs ez-toc-btn-default ez-toc-toggle\" aria-label=\"Toggle Table of Content\"><span class=\"ez-toc-js-icon-con\"><span class=\"\"><span class=\"eztoc-hide\" style=\"display:none;\">Toggle<\/span><span class=\"ez-toc-icon-toggle-span\"><svg style=\"fill: #999;color:#999\" xmlns=\"http:\/\/www.w3.org\/2000\/svg\" class=\"list-377408\" width=\"20px\" height=\"20px\" viewBox=\"0 0 24 24\" fill=\"none\"><path d=\"M6 6H4v2h2V6zm14 0H8v2h12V6zM4 11h2v2H4v-2zm16 0H8v2h12v-2zM4 16h2v2H4v-2zm16 0H8v2h12v-2z\" fill=\"currentColor\"><\/path><\/svg><svg style=\"fill: #999;color:#999\" class=\"arrow-unsorted-368013\" xmlns=\"http:\/\/www.w3.org\/2000\/svg\" width=\"10px\" height=\"10px\" viewBox=\"0 0 24 24\" version=\"1.2\" baseProfile=\"tiny\"><path d=\"M18.2 9.3l-6.2-6.3-6.2 6.3c-.2.2-.3.4-.3.7s.1.5.3.7c.2.2.4.3.7.3h11c.3 0 .5-.1.7-.3.2-.2.3-.5.3-.7s-.1-.5-.3-.7zM5.8 14.7l6.2 6.3 6.2-6.3c.2-.2.3-.5.3-.7s-.1-.5-.3-.7c-.2-.2-.4-.3-.7-.3h-11c-.3 0-.5.1-.7.3-.2.2-.3.5-.3.7s.1.5.3.7z\"\/><\/svg><\/span><\/span><\/span><\/a><\/span><\/div>\n<nav><ul class='ez-toc-list ez-toc-list-level-1 ' ><li class='ez-toc-page-1 ez-toc-heading-level-2'><a class=\"ez-toc-link ez-toc-heading-1\" href=\"https:\/\/decagone-prevoyance.fr\/blog\/comment-calculer-la-rente-invalidite-en-prevoyance-efficacement-205\/#Les_fondamentaux_du_calcul_de_la_rente_invalidite_en_prevoyance_comprendre_les_bases\" >Les fondamentaux du calcul de la rente invalidit\u00e9 en pr\u00e9voyance : comprendre les bases<\/a><\/li><li class='ez-toc-page-1 ez-toc-heading-level-2'><a class=\"ez-toc-link ez-toc-heading-2\" href=\"https:\/\/decagone-prevoyance.fr\/blog\/comment-calculer-la-rente-invalidite-en-prevoyance-efficacement-205\/#Les_conditions_necessaires_pour_beneficier_de_la_pension_dinvalidite_en_2026_criteres_et_demarches\" >Les conditions n\u00e9cessaires pour b\u00e9n\u00e9ficier de la pension d\u2019invalidit\u00e9 en 2026 : crit\u00e8res et d\u00e9marches<\/a><\/li><li class='ez-toc-page-1 ez-toc-heading-level-2'><a class=\"ez-toc-link ez-toc-heading-3\" href=\"https:\/\/decagone-prevoyance.fr\/blog\/comment-calculer-la-rente-invalidite-en-prevoyance-efficacement-205\/#Le_calcul_precis_de_la_rente_invalidite_selon_les_differents_baremes_en_vigueur\" >Le calcul pr\u00e9cis de la rente invalidit\u00e9 selon les diff\u00e9rents bar\u00e8mes en vigueur<\/a><\/li><li class='ez-toc-page-1 ez-toc-heading-level-2'><a class=\"ez-toc-link ez-toc-heading-4\" href=\"https:\/\/decagone-prevoyance.fr\/blog\/comment-calculer-la-rente-invalidite-en-prevoyance-efficacement-205\/#Comment_optimiser_la_gestion_de_la_rente_invalidite_cumul_declaration_et_evolution_avec_la_retraite\" >Comment optimiser la gestion de la rente invalidit\u00e9 : cumul, d\u00e9claration et \u00e9volution avec la retraite<\/a><\/li><\/ul><\/nav><\/div>\n<h2 class=\"wp-block-heading\"><span class=\"ez-toc-section\" id=\"Les_fondamentaux_du_calcul_de_la_rente_invalidite_en_prevoyance_comprendre_les_bases\"><\/span>Les fondamentaux du calcul de la rente invalidit\u00e9 en pr\u00e9voyance : comprendre les bases<span class=\"ez-toc-section-end\"><\/span><\/h2>\n\n<p class=\"wp-block-paragraph\">Lorsqu\u2019un assur\u00e9 fait face \u00e0 une invalidit\u00e9, il doit avant tout comprendre ce qu\u2019est la rente invalidit\u00e9 et les crit\u00e8res techniques qui d\u00e9terminent son montant. Ce dispositif consiste en une indemnisation financi\u00e8re vers\u00e9e r\u00e9guli\u00e8rement afin de compenser, en partie, la perte de revenus due \u00e0 une incapacit\u00e9 au travail. Elle s\u2019applique aussi bien aux salari\u00e9s qu\u2019aux travailleurs ind\u00e9pendants, sous r\u00e9serve de r\u00e9pondre \u00e0 des conditions strictes d\u00e9finies par les r\u00e9gimes de S\u00e9curit\u00e9 sociale et par les contrats de pr\u00e9voyance auxquels ils ont souscrit.<\/p>\n\n<p class=\"wp-block-paragraph\">Le calcul est intimement li\u00e9 au <strong>taux d\u2019invalidit\u00e9<\/strong>, ce pourcentage mesurant la perte fonctionnelle relative \u00e0 la capacit\u00e9 de travail. Ce taux est \u00e9tabli par le m\u00e9decin conseil de la CPAM, apr\u00e8s expertise m\u00e9dicale. Il existe trois cat\u00e9gories principales :<\/p>\n\n<ul class=\"wp-block-list\"><li><strong>Cat\u00e9gorie 1 :<\/strong> L\u2019assur\u00e9 a perdu une partie significative de ses capacit\u00e9s (au moins deux tiers) mais peut encore exercer une activit\u00e9 professionnelle adapt\u00e9e.<\/li><li><strong>Cat\u00e9gorie 2 :<\/strong> L\u2019assur\u00e9 est reconnu totalement incapable de poursuivre son m\u00e9tier mais peut accomplir d&rsquo;autres activit\u00e9s.<\/li><li><strong>Cat\u00e9gorie 3 :<\/strong> L\u2019assur\u00e9 est totalement inapte au travail et n\u00e9cessite l\u2019aide d\u2019une tierce personne pour les actes essentiels de la vie.<\/li><\/ul>\n\n<p class=\"wp-block-paragraph\">Pour fixer le montant de la rente, on part du <strong>salaire annuel moyen (SAM)<\/strong>, qui correspond aux revenus professionnels des dix meilleures ann\u00e9es de travail, limit\u00e9s au plafond annuel de la S\u00e9curit\u00e9 sociale (PASS). En 2026, ce plafond est fix\u00e9 \u00e0 48 060 \u20ac. Sur cette base, un taux multiplicateur propre \u00e0 la cat\u00e9gorie d\u2019invalidit\u00e9 est appliqu\u00e9 pour d\u00e9finir la rente brute mensuelle. Cela permet de garantir une indemnisation proportionnelle \u00e0 la gravit\u00e9 de la perte d\u2019autonomie et au niveau de revenus ant\u00e9rieurs.<\/p>\n\n<p class=\"wp-block-paragraph\">Par exemple, un salari\u00e9 avec un SAM de 26 400 \u20ac (environ 2 200 \u20ac nets mensuels) et reconnu en invalidit\u00e9 cat\u00e9gorie 2 peut pr\u00e9tendre \u00e0 une rente avoisinant 1 100 \u20ac par mois. En revanche, un travailleur ind\u00e9pendant ayant un SAM de 20 000 \u20ac et une invalidit\u00e9 en cat\u00e9gorie 1 percevra une prestation autour de 500 \u20ac mensuels. Ces montants peuvent faire l\u2019objet d\u2019abattements pour contributions sociales (CSG, CRDS) et, potentiellement, d\u2019imp\u00f4t sur le revenu selon les cas.<\/p>\n\n<figure class=\"wp-block-image size-full\"><img decoding=\"async\" width=\"1024\" height=\"1536\" src=\"https:\/\/decagone-prevoyance.fr\/blog\/wp-content\/uploads\/2026\/03\/Comment-calculer-la-rente-invalidite-en-prevoyance-efficacement-1.jpg\" alt=\"d\u00e9couvrez comment calculer efficacement la rente d&#039;invalidit\u00e9 en pr\u00e9voyance pour s\u00e9curiser vos revenus en cas d&#039;incapacit\u00e9 de travail.\" class=\"wp-image-202\" srcset=\"https:\/\/decagone-prevoyance.fr\/blog\/wp-content\/uploads\/2026\/03\/Comment-calculer-la-rente-invalidite-en-prevoyance-efficacement-1.jpg 1024w, https:\/\/decagone-prevoyance.fr\/blog\/wp-content\/uploads\/2026\/03\/Comment-calculer-la-rente-invalidite-en-prevoyance-efficacement-1-200x300.jpg 200w, https:\/\/decagone-prevoyance.fr\/blog\/wp-content\/uploads\/2026\/03\/Comment-calculer-la-rente-invalidite-en-prevoyance-efficacement-1-683x1024.jpg 683w, https:\/\/decagone-prevoyance.fr\/blog\/wp-content\/uploads\/2026\/03\/Comment-calculer-la-rente-invalidite-en-prevoyance-efficacement-1-768x1152.jpg 768w\" sizes=\"(max-width: 1024px) 100vw, 1024px\" \/><\/figure>\n\n<h2 class=\"wp-block-heading\"><span class=\"ez-toc-section\" id=\"Les_conditions_necessaires_pour_beneficier_de_la_pension_dinvalidite_en_2026_criteres_et_demarches\"><\/span>Les conditions n\u00e9cessaires pour b\u00e9n\u00e9ficier de la pension d\u2019invalidit\u00e9 en 2026 : crit\u00e8res et d\u00e9marches<span class=\"ez-toc-section-end\"><\/span><\/h2>\n\n<p class=\"wp-block-paragraph\">Pour ouvrir droit \u00e0 la rente invalidit\u00e9, plusieurs conditions l\u00e9gales doivent \u00eatre respect\u00e9es, souvent m\u00e9connues par les assur\u00e9s. La premi\u00e8re exige une affiliation minimale \u00e0 la S\u00e9curit\u00e9 sociale depuis au moins un an \u00e0 la date de la constatation m\u00e9dicale. Cette anciennet\u00e9 garantit que la protection sociale est active avant la survenue de la maladie ou de l\u2019accident.<\/p>\n\n<p class=\"wp-block-paragraph\">En outre, l\u2019assur\u00e9 doit justifier d\u2019une activit\u00e9 professionnelle r\u00e9cente, mat\u00e9rialis\u00e9e soit par un temps minimum de travail (au moins 600 heures au cours des 12 derniers mois), soit par un montant minimum de cotisations vers\u00e9es, calcul\u00e9 \u00e0 partir du Smic horaire brut multipli\u00e9 par un coefficient (2 030 fois environ). Ces r\u00e8gles varient quelque peu selon les r\u00e9gimes professionnels (MSA, CNRACL, r\u00e9gimes sp\u00e9cifiques) mais restent globalement standardis\u00e9es.<\/p>\n\n<p class=\"wp-block-paragraph\">Enfin, la reconnaissance de l\u2019invalidit\u00e9 par le m\u00e9decin conseil est d\u00e9cisive. L\u2019expert \u00e9value la gravit\u00e9 de la pathologie, sa dur\u00e9e et son impact sur la capacit\u00e9 de travail. Les int\u00e9ress\u00e9s doivent donc d\u00e9poser une demande formelle via un formulaire d\u00e9di\u00e9 (S4150) \u00e0 leur CPAM. Ce dossier m\u00e9dical complet peut \u00eatre compl\u00e9t\u00e9 par tout \u00e9l\u00e9ment justifiant la perte d\u2019autonomie prolong\u00e9e.<\/p>\n\n<p class=\"wp-block-paragraph\">Pour illustrer, ch\u00e8re Julie, cadre de 42 ans, malade avec une invalidit\u00e9 en cat\u00e9gorie 1, pourra percevoir une rente tout en continuant \u00e0 exercer un emploi \u00e0 temps partiel. Cette possibilit\u00e9 de cumul partiel des revenus permet de conserver un \u00e9quilibre financier et une activit\u00e9 sociale valorisante.<\/p>\n\n<p class=\"wp-block-paragraph\">Anticiper une situation d\u2019invalidit\u00e9 par un contrat d\u2019<a href=\"https:\/\/decagone-prevoyance.fr\/blog\/top-5-des-assurances-emprunteur-en-2026-160\">assurance emprunteur adapt\u00e9e<\/a> reste une option strat\u00e9gique souvent n\u00e9glig\u00e9e. Cela s\u00e9curise l\u2019acc\u00e8s au cr\u00e9dit et garantit un compl\u00e9ment indispensable au versement de la rente l\u00e9gale.<\/p>\n\n<h2 class=\"wp-block-heading\"><span class=\"ez-toc-section\" id=\"Le_calcul_precis_de_la_rente_invalidite_selon_les_differents_baremes_en_vigueur\"><\/span>Le calcul pr\u00e9cis de la rente invalidit\u00e9 selon les diff\u00e9rents bar\u00e8mes en vigueur<span class=\"ez-toc-section-end\"><\/span><\/h2>\n\n<p class=\"wp-block-paragraph\">Au-del\u00e0 de la simple cat\u00e9gorisation, le calcul de la rente invalidit\u00e9 en pr\u00e9voyance peut se complexifier en fonction des bar\u00e8mes utilis\u00e9s : fonctionnel, professionnel ou crois\u00e9. Ces bar\u00e8mes d\u00e9finissent les crit\u00e8res selon lesquels le m\u00e9decin expert \u00e9value la perte d\u2019autonomie et d\u00e9termine le taux d\u2019invalidit\u00e9 appliqu\u00e9 au calcul.<\/p>\n\n<p class=\"wp-block-paragraph\">Le bar\u00e8me fonctionnel estime l\u2019invalidit\u00e9 strictement sur la base de l\u2019incapacit\u00e9 \u00e0 r\u00e9aliser les gestes quotidiens ou professionnels. Le bar\u00e8me professionnel int\u00e8gre, en plus, les cons\u00e9quences \u00e9conomiques propres au m\u00e9tier exerc\u00e9. Le crois\u00e9 combine ces deux approches pour une \u00e9valuation plus compl\u00e8te et personnalis\u00e9e.<\/p>\n\n<p class=\"wp-block-paragraph\">La formule g\u00e9n\u00e9rale de calcul de la rente d\u2019invalidit\u00e9 annuelle dans un contrat de pr\u00e9voyance est la suivante :<\/p>\n\n<blockquote class=\"wp-block-quote is-layout-flow wp-block-quote-is-layout-flow\">\n<p><strong>Rente annuelle = (taux d&rsquo;invalidit\u00e9 \/ 66) \u00d7 rente annuelle souscrite<\/strong><\/p>\n<\/blockquote>\n\n<p class=\"wp-block-paragraph\">Sous r\u00e9serve que le taux soit sup\u00e9rieur \u00e0 un seuil minimal (g\u00e9n\u00e9ralement 15% ou 33%). En dessous, aucune indemnisation n\u2019est allou\u00e9e.<\/p>\n\n<p class=\"wp-block-paragraph\">Ce m\u00e9canisme est essentiel dans la souscription d\u2019une garantie pr\u00e9voyance, car il conditionne directement le montant de l\u2019indemnisation que percevra l\u2019assur\u00e9. En 2026, bien conna\u00eetre ces distinctions constitue un avantage pour choisir des contrats pr\u00e9sentant des bar\u00e8mes adapt\u00e9s \u00e0 son profil professionnel et personnel.<\/p>\n\n<p class=\"wp-block-paragraph\">Un tableau synth\u00e9tise les taux applicables selon la cat\u00e9gorie d\u2019invalidit\u00e9 :<\/p>\n\n<figure class=\"wp-block-table\"><table>\n<thead>\n<tr>\n<th>Cat\u00e9gorie d&rsquo;invalidit\u00e9<\/th>\n<th>Taux d&rsquo;invalidit\u00e9 appliqu\u00e9<\/th>\n<th>Montant mensuel indicatif (en \u20ac)<\/th>\n<\/tr>\n<\/thead>\n<tbody>\n<tr>\n<td>Cat\u00e9gorie 1<\/td>\n<td>30 %<\/td>\n<td>338,31 \u20ac \u00e0 1 201,50 \u20ac<\/td>\n<\/tr>\n<tr>\n<td>Cat\u00e9gorie 2<\/td>\n<td>50 % + majoration tierce personne<\/td>\n<td>338,31 \u20ac + max 1 288,13 \u20ac de majoration et 2 002,50 \u20ac de base<\/td>\n<\/tr>\n<tr>\n<td>Cat\u00e9gorie 3<\/td>\n<td>70 % ou plus, avec aide tierce personne<\/td>\n<td>Montant adapt\u00e9 selon les besoins particuliers<\/td>\n<\/tr>\n<\/tbody>\n<\/table><\/figure>\n\n<p class=\"wp-block-paragraph\">La connaissance de ces bar\u00e8mes permet de mieux comprendre sa position lors de la reconnaissance invalidit\u00e9 et d\u2019avancer avec s\u00e9r\u00e9nit\u00e9 dans les n\u00e9gociations \u00e9ventuelles avec la CPAM ou les assurances compl\u00e9mentaires.<\/p>\n\n<figure class=\"wp-block-image size-full\"><img decoding=\"async\" width=\"1024\" height=\"1536\" src=\"https:\/\/decagone-prevoyance.fr\/blog\/wp-content\/uploads\/2026\/03\/Comment-calculer-la-rente-invalidite-en-prevoyance-efficacement-2.jpg\" alt=\"d\u00e9couvrez comment calculer efficacement la rente d&#039;invalidit\u00e9 en pr\u00e9voyance, avec des m\u00e9thodes simples et des conseils pratiques pour optimiser vos droits.\" class=\"wp-image-203\" srcset=\"https:\/\/decagone-prevoyance.fr\/blog\/wp-content\/uploads\/2026\/03\/Comment-calculer-la-rente-invalidite-en-prevoyance-efficacement-2.jpg 1024w, https:\/\/decagone-prevoyance.fr\/blog\/wp-content\/uploads\/2026\/03\/Comment-calculer-la-rente-invalidite-en-prevoyance-efficacement-2-200x300.jpg 200w, https:\/\/decagone-prevoyance.fr\/blog\/wp-content\/uploads\/2026\/03\/Comment-calculer-la-rente-invalidite-en-prevoyance-efficacement-2-683x1024.jpg 683w, https:\/\/decagone-prevoyance.fr\/blog\/wp-content\/uploads\/2026\/03\/Comment-calculer-la-rente-invalidite-en-prevoyance-efficacement-2-768x1152.jpg 768w\" sizes=\"(max-width: 1024px) 100vw, 1024px\" \/><\/figure>\n\n<h2 class=\"wp-block-heading\"><span class=\"ez-toc-section\" id=\"Comment_optimiser_la_gestion_de_la_rente_invalidite_cumul_declaration_et_evolution_avec_la_retraite\"><\/span>Comment optimiser la gestion de la rente invalidit\u00e9 : cumul, d\u00e9claration et \u00e9volution avec la retraite<span class=\"ez-toc-section-end\"><\/span><\/h2>\n\n<p class=\"wp-block-paragraph\">La rente invalidit\u00e9 se transforme g\u00e9n\u00e9ralement en pension de retraite pour inaptitude d\u00e8s que l\u2019assur\u00e9 atteint l\u2019\u00e2ge l\u00e9gal de d\u00e9part. Cette conversion automatique pr\u00e9serve les droits acquis et garantit une continuit\u00e9 de revenu, sans baisse significative. Par ailleurs, en phase active de versement, il est possible de cumuler cette rente avec d\u2019autres sources de revenus, notamment une activit\u00e9 partielle ou des prestations sociales.<\/p>\n\n<p class=\"wp-block-paragraph\">Le plafond de cumul est essentiel : il ne doit pas exc\u00e9der le salaire per\u00e7u avant invalidit\u00e9. Sinon, la S\u00e9curit\u00e9 sociale r\u00e9duit automatiquement la rente pour \u00e9viter tout d\u00e9passement. Par exemple, Clara, reconnue en cat\u00e9gorie 1, reprend un emploi \u00e0 temps partiel et continue de percevoir une rente partielle ajust\u00e9e \u00e0 ses nouveaux revenus. Cette flexibilit\u00e9 est capitale pour encourager la r\u00e9insertion professionnelle tout en maintenant un soutien financier solide.<\/p>\n\n<p class=\"wp-block-paragraph\">Il faut \u00e9galement consid\u00e9rer l\u2019impact des cotisations sociales et des taux d\u2019imposition : la rente invalidit\u00e9 est soumise \u00e0 la CSG-CRDS et, dans certains cas, \u00e0 l\u2019imp\u00f4t sur le revenu. En parall\u00e8le, certains r\u00e9gimes sp\u00e9cifiques comme ceux des fonctionnaires ou des travailleurs agricoles ont des r\u00e8gles particuli\u00e8res en mati\u00e8re de cotisations et de calcul.<\/p>\n\n<p class=\"wp-block-paragraph\">Pour s\u00e9curiser au mieux son avenir, il s\u2019av\u00e8re pertinent de recourir r\u00e9guli\u00e8rement \u00e0 des outils simples tels que les simulateurs en ligne afin d\u2019estimer ses droits et de v\u00e9rifier la coh\u00e9rence de ses d\u00e9clarations. Le recours \u00e0 des conseils sp\u00e9cialis\u00e9s ou la lecture d\u2019articles d\u00e9di\u00e9s comme ceux expliquant <a href=\"https:\/\/decagone-prevoyance.fr\/blog\/assurance-vie-expliquee-aux-debutants-tout-savoir-rapidement-164\">l\u2019assurance vie expliqu\u00e9e aux d\u00e9butants<\/a> peut \u00e9galement enrichir la strat\u00e9gie de pr\u00e9voyance.<\/p>\n\n<figure class=\"wp-block-image size-full\"><img decoding=\"async\" width=\"1536\" height=\"1024\" src=\"https:\/\/decagone-prevoyance.fr\/blog\/wp-content\/uploads\/2026\/03\/Comment-calculer-la-rente-invalidite-en-prevoyance-efficacement-3.jpg\" alt=\"d\u00e9couvrez comment calculer efficacement la rente d&#039;invalidit\u00e9 en pr\u00e9voyance gr\u00e2ce \u00e0 nos conseils clairs et pr\u00e9cis pour mieux s\u00e9curiser votre avenir financier.\" class=\"wp-image-204\" srcset=\"https:\/\/decagone-prevoyance.fr\/blog\/wp-content\/uploads\/2026\/03\/Comment-calculer-la-rente-invalidite-en-prevoyance-efficacement-3.jpg 1536w, https:\/\/decagone-prevoyance.fr\/blog\/wp-content\/uploads\/2026\/03\/Comment-calculer-la-rente-invalidite-en-prevoyance-efficacement-3-300x200.jpg 300w, https:\/\/decagone-prevoyance.fr\/blog\/wp-content\/uploads\/2026\/03\/Comment-calculer-la-rente-invalidite-en-prevoyance-efficacement-3-1024x683.jpg 1024w, https:\/\/decagone-prevoyance.fr\/blog\/wp-content\/uploads\/2026\/03\/Comment-calculer-la-rente-invalidite-en-prevoyance-efficacement-3-768x512.jpg 768w\" sizes=\"(max-width: 1536px) 100vw, 1536px\" \/><\/figure>\n\n<ul class=\"wp-block-list\"><li><strong>Anticiper la protection<\/strong> en souscrivant une garantie pr\u00e9voyance adapt\u00e9e avant toute incapacit\u00e9.<\/li><li><strong>D\u00e9clarer ses revenus<\/strong> avec rigueur pour un calcul juste de la rente et \u00e9viter un plafonnement injuste.<\/li><li><strong>Prendre en compte la conversion<\/strong> en retraite d\u2019invalidit\u00e9 pour pr\u00e9voir sa situation financi\u00e8re sur le long terme.<\/li><li><strong>Recourir \u00e0 des simulateurs<\/strong> et \u00e0 une information \u00e0 jour pour \u00e9valuer ses droits et optimiser les prestations.<\/li><li><strong>Solliciter un accompagnement expert<\/strong> en cas de contestation ou de doute sur la reconnaissance d\u2019invalidit\u00e9.<\/li><\/ul>\n\n<script type=\"application\/ld+json\">\n{\"@context\":\"https:\/\/schema.org\",\"@type\":\"FAQPage\",\"mainEntity\":[{\"@type\":\"Question\",\"name\":\"Quelle est la diffu00e9rence entre invaliditu00e9 et incapacitu00e9 permanente ?\",\"acceptedAnswer\":{\"@type\":\"Answer\",\"text\":\"Lu2019invaliditu00e9 concerne une perte de capacitu00e9 ru00e9sultant du2019une maladie ou du2019un accident hors travail, alors que lu2019incapacitu00e9 permanente est liu00e9e u00e0 un accident du travail ou une maladie professionnelle et fait lu2019objet du2019une rente spu00e9cifique.\"}},{\"@type\":\"Question\",\"name\":\"Peut-on contester un refus ou un classement en catu00e9gorie d'invaliditu00e9 ?\",\"acceptedAnswer\":{\"@type\":\"Answer\",\"text\":\"Oui, il est possible de saisir la Commission mu00e9dicale de recours amiable (CMRA) ou, en cas de litige persistant, le tribunal judiciaire, avec un dossier mu00e9dical complet.\"}},{\"@type\":\"Question\",\"name\":\"La pension d'invaliditu00e9 ouvre-t-elle droit u00e0 des avantages fiscaux ?\",\"acceptedAnswer\":{\"@type\":\"Answer\",\"text\":\"Oui, notamment une demi-part fiscale supplu00e9mentaire sous conditions, ou des du00e9ductions si la carte du2019invaliditu00e9 ou des charges spu00e9cifiques sont ru00e9unies.\"}},{\"@type\":\"Question\",\"name\":\"Comment la rente invaliditu00e9 impacte-t-elle lu2019accu00e8s u00e0 un pru00eat immobilier ?\",\"acceptedAnswer\":{\"@type\":\"Answer\",\"text\":\"Toucher une rente peut compliquer lu2019accu00e8s u00e0 un cru00e9dit, mais la convention AERAS facilite le pru00eat aux personnes pru00e9sentant un risque aggravu00e9 de santu00e9.\"}},{\"@type\":\"Question\",\"name\":\"Peut-on cumuler la rente invaliditu00e9 avec du2019autres revenus ?\",\"acceptedAnswer\":{\"@type\":\"Answer\",\"text\":\"Oui, mais dans la limite du plafond correspondant au salaire moyen avant invaliditu00e9, sous peine du2019une ru00e9duction de la rente.\"}}]}\n<\/script>\n<h3>Quelle est la diff\u00e9rence entre invalidit\u00e9 et incapacit\u00e9 permanente ?<\/h3>\n<p>L\u2019invalidit\u00e9 concerne une perte de capacit\u00e9 r\u00e9sultant d\u2019une maladie ou d\u2019un accident hors travail, alors que l\u2019incapacit\u00e9 permanente est li\u00e9e \u00e0 un accident du travail ou une maladie professionnelle et fait l\u2019objet d\u2019une rente sp\u00e9cifique.<\/p>\n<h3>Peut-on contester un refus ou un classement en cat\u00e9gorie d&rsquo;invalidit\u00e9 ?<\/h3>\n<p>Oui, il est possible de saisir la Commission m\u00e9dicale de recours amiable (CMRA) ou, en cas de litige persistant, le tribunal judiciaire, avec un dossier m\u00e9dical complet.<\/p>\n<h3>La pension d&rsquo;invalidit\u00e9 ouvre-t-elle droit \u00e0 des avantages fiscaux ?<\/h3>\n<p>Oui, notamment une demi-part fiscale suppl\u00e9mentaire sous conditions, ou des d\u00e9ductions si la carte d\u2019invalidit\u00e9 ou des charges sp\u00e9cifiques sont r\u00e9unies.<\/p>\n<h3>Comment la rente invalidit\u00e9 impacte-t-elle l\u2019acc\u00e8s \u00e0 un pr\u00eat immobilier ?<\/h3>\n<p>Toucher une rente peut compliquer l\u2019acc\u00e8s \u00e0 un cr\u00e9dit, mais la convention AERAS facilite le pr\u00eat aux personnes pr\u00e9sentant un risque aggrav\u00e9 de sant\u00e9.<\/p>\n<h3>Peut-on cumuler la rente invalidit\u00e9 avec d\u2019autres revenus ?<\/h3>\n<p>Oui, mais dans la limite du plafond correspondant au salaire moyen avant invalidit\u00e9, sous peine d\u2019une r\u00e9duction de la rente.<\/p>\n\n","protected":false},"excerpt":{"rendered":"<p>Une incapacit\u00e9 durable \u00e0 travailler, qu\u2019elle soit provoqu\u00e9e par une maladie ou un accident, bouleverse profond\u00e9ment l\u2019\u00e9quilibre financier et personnel. La rente invalidit\u00e9, au c\u0153ur des contrats de pr\u00e9voyance, repr\u00e9sente alors une bou\u00e9e essentielle pour pr\u00e9server un niveau de vie stable face \u00e0 cette nouvelle r\u00e9alit\u00e9. Comprendre les modalit\u00e9s de calcul de cette rente en &#8230; <a title=\"Comment calculer la rente invalidit\u00e9 en pr\u00e9voyance efficacement\" class=\"read-more\" href=\"https:\/\/decagone-prevoyance.fr\/blog\/comment-calculer-la-rente-invalidite-en-prevoyance-efficacement-205\" aria-label=\"En savoir plus sur Comment calculer la rente invalidit\u00e9 en pr\u00e9voyance efficacement\">Lire la suite<\/a><\/p>\n","protected":false},"author":4,"featured_media":201,"comment_status":"open","ping_status":"open","sticky":false,"template":"","format":"standard","meta":{"_crdt_document":"","footnotes":""},"categories":[8],"tags":[],"class_list":["post-205","post","type-post","status-publish","format-standard","has-post-thumbnail","hentry","category-prevoyance-retraite"],"_links":{"self":[{"href":"https:\/\/decagone-prevoyance.fr\/blog\/wp-json\/wp\/v2\/posts\/205","targetHints":{"allow":["GET"]}}],"collection":[{"href":"https:\/\/decagone-prevoyance.fr\/blog\/wp-json\/wp\/v2\/posts"}],"about":[{"href":"https:\/\/decagone-prevoyance.fr\/blog\/wp-json\/wp\/v2\/types\/post"}],"author":[{"embeddable":true,"href":"https:\/\/decagone-prevoyance.fr\/blog\/wp-json\/wp\/v2\/users\/4"}],"replies":[{"embeddable":true,"href":"https:\/\/decagone-prevoyance.fr\/blog\/wp-json\/wp\/v2\/comments?post=205"}],"version-history":[{"count":0,"href":"https:\/\/decagone-prevoyance.fr\/blog\/wp-json\/wp\/v2\/posts\/205\/revisions"}],"wp:featuredmedia":[{"embeddable":true,"href":"https:\/\/decagone-prevoyance.fr\/blog\/wp-json\/wp\/v2\/media\/201"}],"wp:attachment":[{"href":"https:\/\/decagone-prevoyance.fr\/blog\/wp-json\/wp\/v2\/media?parent=205"}],"wp:term":[{"taxonomy":"category","embeddable":true,"href":"https:\/\/decagone-prevoyance.fr\/blog\/wp-json\/wp\/v2\/categories?post=205"},{"taxonomy":"post_tag","embeddable":true,"href":"https:\/\/decagone-prevoyance.fr\/blog\/wp-json\/wp\/v2\/tags?post=205"}],"curies":[{"name":"wp","href":"https:\/\/api.w.org\/{rel}","templated":true}]}}