{"id":237,"date":"2026-03-13T21:19:38","date_gmt":"2026-03-13T21:19:38","guid":{"rendered":"https:\/\/decagone-prevoyance.fr\/blog\/meilleure-prevoyance-independant-comment-choisir-la-couverture-ideale-en-2026-237"},"modified":"2026-03-13T21:19:38","modified_gmt":"2026-03-13T21:19:38","slug":"meilleure-prevoyance-independant-comment-choisir-la-couverture-ideale-en-2026","status":"publish","type":"post","link":"https:\/\/decagone-prevoyance.fr\/blog\/meilleure-prevoyance-independant-comment-choisir-la-couverture-ideale-en-2026-237","title":{"rendered":"Meilleure pr\u00e9voyance ind\u00e9pendant : comment choisir la couverture id\u00e9ale en 2026"},"content":{"rendered":"<p class=\"wp-block-paragraph\">Avec l\u2019essor continu du travail ind\u00e9pendant en France, la protection sociale de cette cat\u00e9gorie professionnelle reste un d\u00e9fi crucial. En 2024, plus de 4,2 millions de travailleurs ind\u00e9pendants \u00e9taient recens\u00e9s, un chiffre en croissance constante qui met en lumi\u00e8re l\u2019importance d\u2019une couverture adapt\u00e9e. La nature m\u00eame du statut d\u2019ind\u00e9pendant, souvent synonyme d\u2019absence de filet salarial traditionnel, expose ces acteurs \u00e9conomiques \u00e0 des risques majeurs, notamment en cas d\u2019arr\u00eat de travail, d\u2019invalidit\u00e9 ou de d\u00e9c\u00e8s. Dans ce contexte, la meilleure pr\u00e9voyance pour un ind\u00e9pendant en 2026 ne saurait se limiter \u00e0 une simple assurance, mais doit int\u00e9grer une r\u00e9flexion profonde sur les garanties essentielles et les sp\u00e9cificit\u00e9s du profil professionnel.<\/p>\n\n<p class=\"wp-block-paragraph\">Choisir sa couverture id\u00e9ale rel\u00e8ve d\u00e9sormais d\u2019une analyse rigoureuse qui prend en compte non seulement le cadre l\u00e9gal, mais aussi les besoins financiers et familiaux propres \u00e0 chaque individu. Il s\u2019agit de s\u00e9lectionner une assurance qui compense la fragilit\u00e9 de l\u2019absence de protection salariale, permettant ainsi de s\u00e9curiser durablement l\u2019activit\u00e9, les revenus et la famille. Pour cela, comprendre les enjeux li\u00e9s aux garanties pr\u00e9voyance, anticiper les \u00e9volutions tarifaires et s\u2019adapter aux particularit\u00e9s de son statut juridique sont autant d\u2019\u00e9tapes indispensables. La bonne nouvelle pour les ind\u00e9pendants est que des solutions adapt\u00e9es se multiplient en 2026, offrant un vaste choix, qu\u2019il convient n\u00e9anmoins de ma\u00eetriser pour \u00e9viter pi\u00e8ges et fausses promesses.<\/p>\n\n<p class=\"wp-block-paragraph\">Ce dossier pr\u00e9sente une d\u00e9marche m\u00e9thodique pour orienter efficacement chaque travailleur non salari\u00e9 dans sa d\u00e9marche de souscription. Qu\u2019il s\u2019agisse de pr\u00e9venir les risques professionnels, de comprendre les modalit\u00e9s d\u2019indemnisation, ou de comparer les offres sur le march\u00e9, cet \u00e9clairage vise \u00e0 accompagner la d\u00e9cision vers une couverture r\u00e9ellement efficiente et personnalis\u00e9e. Le recours \u00e0 des experts et \u00e0 des comparateurs sp\u00e9cialis\u00e9s devient alors un levier pr\u00e9cieux pour optimiser \u00e0 la fois la qualit\u00e9 de la protection sociale ind\u00e9pendant et le rapport qualit\u00e9-prix ; une combinaison gagnante face aux al\u00e9as d\u2019une trajectoire professionnelle ind\u00e9pendante.<\/p>\n\n<div id=\"ez-toc-container\" class=\"ez-toc-v2_0_81 counter-hierarchy ez-toc-counter ez-toc-transparent ez-toc-container-direction\">\n<div class=\"ez-toc-title-container\">\n<p class=\"ez-toc-title\" style=\"cursor:inherit\">Table of Contents<\/p>\n<span class=\"ez-toc-title-toggle\"><a href=\"#\" class=\"ez-toc-pull-right ez-toc-btn ez-toc-btn-xs ez-toc-btn-default ez-toc-toggle\" aria-label=\"Toggle Table of Content\"><span class=\"ez-toc-js-icon-con\"><span class=\"\"><span class=\"eztoc-hide\" style=\"display:none;\">Toggle<\/span><span class=\"ez-toc-icon-toggle-span\"><svg style=\"fill: #999;color:#999\" xmlns=\"http:\/\/www.w3.org\/2000\/svg\" class=\"list-377408\" width=\"20px\" height=\"20px\" viewBox=\"0 0 24 24\" fill=\"none\"><path d=\"M6 6H4v2h2V6zm14 0H8v2h12V6zM4 11h2v2H4v-2zm16 0H8v2h12v-2zM4 16h2v2H4v-2zm16 0H8v2h12v-2z\" fill=\"currentColor\"><\/path><\/svg><svg style=\"fill: #999;color:#999\" class=\"arrow-unsorted-368013\" xmlns=\"http:\/\/www.w3.org\/2000\/svg\" width=\"10px\" height=\"10px\" viewBox=\"0 0 24 24\" version=\"1.2\" baseProfile=\"tiny\"><path d=\"M18.2 9.3l-6.2-6.3-6.2 6.3c-.2.2-.3.4-.3.7s.1.5.3.7c.2.2.4.3.7.3h11c.3 0 .5-.1.7-.3.2-.2.3-.5.3-.7s-.1-.5-.3-.7zM5.8 14.7l6.2 6.3 6.2-6.3c.2-.2.3-.5.3-.7s-.1-.5-.3-.7c-.2-.2-.4-.3-.7-.3h-11c-.3 0-.5.1-.7.3-.2.2-.3.5-.3.7s.1.5.3.7z\"\/><\/svg><\/span><\/span><\/span><\/a><\/span><\/div>\n<nav><ul class='ez-toc-list ez-toc-list-level-1 ' ><li class='ez-toc-page-1 ez-toc-heading-level-2'><a class=\"ez-toc-link ez-toc-heading-1\" href=\"https:\/\/decagone-prevoyance.fr\/blog\/meilleure-prevoyance-independant-comment-choisir-la-couverture-ideale-en-2026-237\/#Les_garanties_essentielles_pour_une_prevoyance_independant_complete_en_2026\" >Les garanties essentielles pour une pr\u00e9voyance ind\u00e9pendant compl\u00e8te en 2026<\/a><\/li><li class='ez-toc-page-1 ez-toc-heading-level-2'><a class=\"ez-toc-link ez-toc-heading-2\" href=\"https:\/\/decagone-prevoyance.fr\/blog\/meilleure-prevoyance-independant-comment-choisir-la-couverture-ideale-en-2026-237\/#Comment_choisir_la_meilleure_prevoyance_independant_criteres_cles_pour_une_couverture_ideale\" >Comment choisir la meilleure pr\u00e9voyance ind\u00e9pendant : crit\u00e8res cl\u00e9s pour une couverture id\u00e9ale<\/a><\/li><li class='ez-toc-page-1 ez-toc-heading-level-2'><a class=\"ez-toc-link ez-toc-heading-3\" href=\"https:\/\/decagone-prevoyance.fr\/blog\/meilleure-prevoyance-independant-comment-choisir-la-couverture-ideale-en-2026-237\/#Adapter_sa_couverture_selon_le_statut_juridique_pour_une_prevoyance_2026_efficace\" >Adapter sa couverture selon le statut juridique pour une pr\u00e9voyance 2026 efficace<\/a><\/li><li class='ez-toc-page-1 ez-toc-heading-level-2'><a class=\"ez-toc-link ez-toc-heading-4\" href=\"https:\/\/decagone-prevoyance.fr\/blog\/meilleure-prevoyance-independant-comment-choisir-la-couverture-ideale-en-2026-237\/#Comparer_le_rapport_qualite-prix_un_enjeu_central_pour_lassurance_independants\" >Comparer le rapport qualit\u00e9-prix : un enjeu central pour l\u2019assurance ind\u00e9pendants<\/a><\/li><li class='ez-toc-page-1 ez-toc-heading-level-2'><a class=\"ez-toc-link ez-toc-heading-5\" href=\"https:\/\/decagone-prevoyance.fr\/blog\/meilleure-prevoyance-independant-comment-choisir-la-couverture-ideale-en-2026-237\/#Les_tendances_2026_pour_la_prevoyance_independant_ce_quil_faut_retenir\" >Les tendances 2026 pour la pr\u00e9voyance ind\u00e9pendant : ce qu\u2019il faut retenir<\/a><\/li><\/ul><\/nav><\/div>\n<h2 class=\"wp-block-heading\"><span class=\"ez-toc-section\" id=\"Les_garanties_essentielles_pour_une_prevoyance_independant_complete_en_2026\"><\/span>Les garanties essentielles pour une pr\u00e9voyance ind\u00e9pendant compl\u00e8te en 2026<span class=\"ez-toc-section-end\"><\/span><\/h2>\n\n<p class=\"wp-block-paragraph\">Pour qu&rsquo;un contrat de pr\u00e9voyance soit r\u00e9ellement efficace et adapt\u00e9 aux besoins des ind\u00e9pendants, il doit reposer sur des garanties solides couvrant les principaux risques inh\u00e9rents \u00e0 l\u2019exercice d\u2019une activit\u00e9 non salari\u00e9e. Ces garanties s&rsquo;articulent autour de quatre piliers fondamentaux : l&rsquo;incapacit\u00e9 temporaire de travail, l\u2019invalidit\u00e9 permanente, la garantie d\u00e9c\u00e8s et la rente \u00e9ducation. Chacune r\u00e9pond \u00e0 une dimension pr\u00e9cise de la protection sociale ind\u00e9pendante, assurant la continuit\u00e9 financi\u00e8re dans des situations souvent complexes.<\/p>\n\n<h3 class=\"wp-block-heading\">La garantie incapacit\u00e9 temporaire : premi\u00e8re ligne de d\u00e9fense<\/h3>\n\n<p class=\"wp-block-paragraph\">Cette garantie intervient lorsqu\u2019un arr\u00eat de travail impose un temps d\u2019inactivit\u00e9, mettant en p\u00e9ril la continuit\u00e9 des revenus pour un ind\u00e9pendant. En effet, la nature m\u00eame de son statut ne pr\u00e9voit pas de maintien automatique de salaire. Le contrat de pr\u00e9voyance doit ainsi pr\u00e9voir un versement d\u2019indemnit\u00e9s compensatoires \u00e0 partir d\u2019un d\u00e9lai appel\u00e9 franchise, qui varie g\u00e9n\u00e9ralement entre 30 et 180 jours selon les contrats.<\/p>\n\n<p class=\"wp-block-paragraph\">Par exemple, un artisan plombier victime d&rsquo;une fracture majorera son arr\u00eat de travail au-del\u00e0 des 30 jours. Un bon contrat garantira une indemnisation forfaitaire ou indemnitaire pour compenser la chute brutale de revenus, \u00e9vitant ainsi un impact financier durable. Il est crucial de surveiller la dur\u00e9e de la franchise ainsi que les conditions relatives aux maladies ou accidents, puisque chaque situation peut pr\u00e9senter des sp\u00e9cificit\u00e9s. Un d\u00e9lai de franchise court, comme 7 \u00e0 15 jours, offre une meilleure protection mais peut augmenter le co\u00fbt de la prime.<\/p>\n\n<h3 class=\"wp-block-heading\">La garantie invalidit\u00e9 permanente : assurer l\u2019avenir professionnel<\/h3>\n\n<p class=\"wp-block-paragraph\">Lorsque l\u2019\u00e9tat de sant\u00e9 \u00e9volue vers une invalidit\u00e9 durable, la garantie invalidit\u00e9 permanente couvre la perte partielle ou totale de la capacit\u00e9 de travail. Ce volet prend en compte diff\u00e9rents niveaux de taux d\u2019invalidit\u00e9, \u00e9valu\u00e9s m\u00e9dicalement. Une invalidit\u00e9 partielle d\u00e9clenche une rente proportionnelle, tandis qu\u2019une invalidit\u00e9 totale entraine le versement de prestations \u00e0 hauteur int\u00e9grale.<\/p>\n\n<p class=\"wp-block-paragraph\">Un dirigeant ind\u00e9pendant souffrant d\u2019une maladie chronique invalidante peut ainsi percevoir une rente qui compense partiellement la baisse de revenus. La d\u00e9finition pr\u00e9cise de l\u2019invalidit\u00e9 \u2013 selon les bar\u00e8mes professionnels ou crois\u00e9s \u2013 constitue un crit\u00e8re de choix d\u00e9terminant, car elle influe directement sur le montant de l\u2019indemnisation. Le seuil minimal d\u2019invalidit\u00e9 d\u00e9clenchant cette rente est souvent fix\u00e9 \u00e0 33% mais certains contrats proposent un abaissement pour une meilleure prise en charge.<\/p>\n\n<h3 class=\"wp-block-heading\">Garantie d\u00e9c\u00e8s et rente \u00e9ducation : prot\u00e9ger ses proches<\/h3>\n\n<p class=\"wp-block-paragraph\">Les cons\u00e9quences du d\u00e9c\u00e8s d\u2019un travailleur ind\u00e9pendant sont lourdes pour sa famille, notamment sur le plan financier. La garantie d\u00e9c\u00e8s vise \u00e0 verser un capital ou une rente viag\u00e8re aux b\u00e9n\u00e9ficiaires, assurant ainsi un minimum de ressources en cas de disparition pr\u00e9matur\u00e9e des revenus.<\/p>\n\n<p class=\"wp-block-paragraph\">Associ\u00e9e \u00e0 la rente \u00e9ducation, cette garantie permet de financer la scolarit\u00e9 des enfants, apportant un filet de s\u00e9curit\u00e9 essentiel pour maintenir le niveau de vie familial. Cette combinaison est d&rsquo;autant plus importante pour les ind\u00e9pendants avec des charges familiales significatives, car elle pr\u00e9vient les difficult\u00e9s financi\u00e8res majeures.<\/p>\n\n<figure class=\"wp-block-image size-full\"><img decoding=\"async\" width=\"1024\" height=\"1536\" src=\"https:\/\/decagone-prevoyance.fr\/blog\/wp-content\/uploads\/2026\/03\/Meilleure-prevoyance-independant-comment-choisir-la-couverture-ideale-en-2026-1.jpg\" alt=\"d\u00e9couvrez comment choisir la meilleure pr\u00e9voyance pour ind\u00e9pendant en 2026 et prot\u00e9gez-vous efficacement avec une couverture adapt\u00e9e \u00e0 vos besoins.\" class=\"wp-image-234\" srcset=\"https:\/\/decagone-prevoyance.fr\/blog\/wp-content\/uploads\/2026\/03\/Meilleure-prevoyance-independant-comment-choisir-la-couverture-ideale-en-2026-1.jpg 1024w, https:\/\/decagone-prevoyance.fr\/blog\/wp-content\/uploads\/2026\/03\/Meilleure-prevoyance-independant-comment-choisir-la-couverture-ideale-en-2026-1-200x300.jpg 200w, https:\/\/decagone-prevoyance.fr\/blog\/wp-content\/uploads\/2026\/03\/Meilleure-prevoyance-independant-comment-choisir-la-couverture-ideale-en-2026-1-683x1024.jpg 683w, https:\/\/decagone-prevoyance.fr\/blog\/wp-content\/uploads\/2026\/03\/Meilleure-prevoyance-independant-comment-choisir-la-couverture-ideale-en-2026-1-768x1152.jpg 768w\" sizes=\"(max-width: 1024px) 100vw, 1024px\" \/><\/figure>\n\n<h2 class=\"wp-block-heading\"><span class=\"ez-toc-section\" id=\"Comment_choisir_la_meilleure_prevoyance_independant_criteres_cles_pour_une_couverture_ideale\"><\/span>Comment choisir la meilleure pr\u00e9voyance ind\u00e9pendant : crit\u00e8res cl\u00e9s pour une couverture id\u00e9ale<span class=\"ez-toc-section-end\"><\/span><\/h2>\n\n<p class=\"wp-block-paragraph\">Le choix d\u2019un contrat de pr\u00e9voyance en tant qu\u2019ind\u00e9pendant m\u00e9rite une approche m\u00e9thodique, bas\u00e9e sur une analyse d\u00e9taill\u00e9e des crit\u00e8res qui d\u00e9termineront la qualit\u00e9 et l\u2019ad\u00e9quation de la couverture. Ignorer ces param\u00e8tres expose \u00e0 des pi\u00e8ges fr\u00e9quents et \u00e0 une sous-protection aux cons\u00e9quences potentiellement lourdes.<\/p>\n\n<h3 class=\"wp-block-heading\">D\u00e9lai de carence et franchise : un \u00e9quilibre \u00e0 trouver<\/h3>\n\n<p class=\"wp-block-paragraph\">Le d\u00e9lai de carence correspond \u00e0 la p\u00e9riode d&rsquo;attente avant la prise en charge effective des indemnit\u00e9s. Trouver un contrat avec un d\u00e9lai court, g\u00e9n\u00e9ralement entre 7 et 30 jours, constitue un avantage notable. Cependant, ce choix entra\u00eene souvent un co\u00fbt plus \u00e9lev\u00e9.<\/p>\n\n<p class=\"wp-block-paragraph\">Les franchises applicables varient selon la nature de l&rsquo;arr\u00eat (accident, maladie) avec une franchise maladie classique de 30 jours et parfois 7 jours pour les accidents. Une franchise adapt\u00e9e et claire limite les zones d&rsquo;ombre et garantit une indemnisation efficace d\u00e8s l\u2019arr\u00eat de travail.<\/p>\n\n<h3 class=\"wp-block-heading\">Montant des indemnit\u00e9s : alignement sur les besoins r\u00e9els<\/h3>\n\n<p class=\"wp-block-paragraph\">Il est imp\u00e9ratif que le montant des indemnit\u00e9s couvre au minimum les charges fixes mensuelles de l&rsquo;activit\u00e9 ind\u00e9pendante. Les contrats proposent un pourcentage du revenu habituel, pouvant aller de 50% \u00e0 85%. Un choix trop conservateur risque un d\u00e9ficit imm\u00e9diat, tandis qu\u2019une surcote peut engendrer un co\u00fbt prohibitif.<\/p>\n\n<p class=\"wp-block-paragraph\">Il faut aussi \u00e9valuer les plafonds d\u2019indemnisation, certains contrats plafonnant ces montants, limitant ainsi la protection financi\u00e8re.<\/p>\n\n<h3 class=\"wp-block-heading\">D\u00e9finition de l\u2019incapacit\u00e9 et exclusions : l\u2019importance du d\u00e9tail<\/h3>\n\n<p class=\"wp-block-paragraph\">La d\u00e9finition de l\u2019incapacit\u00e9 peut varier selon les assureurs entre incapacit\u00e9 fonctionnelle, professionnelle ou mixte. Ce crit\u00e8re impacte directement l\u2019acc\u00e8s aux prestations et leur montant. Par ailleurs, regarder de pr\u00e8s les exclusions \u2013 pathologies souvent exclues comme certains troubles psychiques ou maladies du dos \u2013 est indispensable pour \u00e9viter les mauvaises surprises.<\/p>\n\n<h3 class=\"wp-block-heading\">Tarifs, \u00e9volutions et services associ\u00e9s<\/h3>\n\n<p class=\"wp-block-paragraph\">Comparer les cotisations et leurs modalit\u00e9s d\u2019\u00e9volution dans le temps \u00e9vite de se retrouver face \u00e0 une facture qui grimpe inexorablement. Les contrats avec des tarifs fixes ou index\u00e9s sur des plafonds sociaux peuvent offrir une stabilit\u00e9 appr\u00e9ciable. Il faut aussi consid\u00e9rer les services compl\u00e9mentaires, notamment le suivi du dossier sinistre, la qualit\u00e9 de l&rsquo;assistance et les options de pr\u00e9vention propos\u00e9es.<\/p>\n\n<p class=\"wp-block-paragraph\">Le recours \u00e0 un courtier en assurance sp\u00e9cialis\u00e9 peut grandement faciliter cette \u00e9tape et permet souvent d\u2019obtenir un meilleur rapport qualit\u00e9-prix. Pour comprendre comment bien s\u2019y prendre, il est utile de consulter un guide sur <a href=\"https:\/\/decagone-prevoyance.fr\/blog\/comment-choisir-un-courtier-en-assurance-pour-obtenir-le-meilleur-prix-214\">comment choisir un courtier en assurance pour obtenir le meilleur prix<\/a>.<\/p>\n\n<h2 class=\"wp-block-heading\"><span class=\"ez-toc-section\" id=\"Adapter_sa_couverture_selon_le_statut_juridique_pour_une_prevoyance_2026_efficace\"><\/span>Adapter sa couverture selon le statut juridique pour une pr\u00e9voyance 2026 efficace<span class=\"ez-toc-section-end\"><\/span><\/h2>\n\n<p class=\"wp-block-paragraph\">Le statut juridique joue un r\u00f4le d\u00e9terminant dans le choix de la couverture pr\u00e9voyance. Chaque forme d\u2019activit\u00e9 ind\u00e9pendante comporte des obligations l\u00e9gales et des besoins particuliers. Il est donc indispensable d\u2019ajuster sa protection en fonction de cette r\u00e9alit\u00e9.<\/p>\n\n<h3 class=\"wp-block-heading\">Auto-entrepreneur : protection simplifi\u00e9e mais souvent insuffisante<\/h3>\n\n<p class=\"wp-block-paragraph\">Le r\u00e9gime social de l\u2019auto-entrepreneur impose des garanties de base limit\u00e9es. Ainsi, il est souvent recommand\u00e9 de souscrire \u00e0 un contrat compl\u00e9mentaire pour assurer une protection efficace en cas d\u2019incapacit\u00e9 ou d\u2019invalidit\u00e9. Cette d\u00e9marche garantit un remplacement de revenu proportionnel \u00e0 la baisse d\u2019activit\u00e9, particuli\u00e8rement dans les premi\u00e8res ann\u00e9es o\u00f9 la tr\u00e9sorerie est fragile.<\/p>\n\n<h3 class=\"wp-block-heading\">G\u00e9rants d\u2019EURL et pr\u00e9sidents de SASU : diff\u00e9rences notables<\/h3>\n\n<p class=\"wp-block-paragraph\">Les g\u00e9rants majoritaires d\u2019EURL sont affili\u00e9s au r\u00e9gime des travailleurs non salari\u00e9s (TNS), ce qui implique de souscrire une pr\u00e9voyance adapt\u00e9e couvrant les risques d\u2019incapacit\u00e9 et d\u00e9c\u00e8s sp\u00e9cifiques \u00e0 ce statut. En revanche, les pr\u00e9sidents de SASU, assimil\u00e9s salari\u00e9s, disposent de garanties sociales de base qui peuvent \u00eatre optimis\u00e9es par une pr\u00e9voyance TNS compl\u00e9mentaire. Ces nuances impactent directement le choix des garanties et des niveaux de couverture.<\/p>\n\n<h3 class=\"wp-block-heading\">Professions lib\u00e9rales, artisans, commer\u00e7ants : un cadre r\u00e9glementaire vari\u00e9<\/h3>\n\n<p class=\"wp-block-paragraph\">Selon le secteur d\u2019activit\u00e9, les professions ind\u00e9pendantes peuvent \u00eatre tenues de respecter des garanties minimales. L\u00e0 encore, une analyse fine des obligations l\u00e9gales s\u2019impose, afin de s\u00e9lectionner le contrat qui allie conformit\u00e9 et protection renforc\u00e9e.<\/p>\n\n<h3 class=\"wp-block-heading\">Planifier efficacement sa pr\u00e9voyance reste une d\u00e9marche personnalis\u00e9e<\/h3>\n\n<p class=\"wp-block-paragraph\">Se fier exclusivement aux offres standards sans consid\u00e9rer son statut particulier peut s\u2019av\u00e9rer contre-productif. Pour cette raison, une expertise sp\u00e9cialis\u00e9e sur la protection sociale ind\u00e9pendante permet de mieux appr\u00e9hender les obligations et d\u2019identifier les compl\u00e9ments indispensables, surtout dans une ann\u00e9e charni\u00e8re comme 2026.<\/p>\n\n<figure class=\"wp-block-image size-full\"><img decoding=\"async\" width=\"1024\" height=\"1536\" src=\"https:\/\/decagone-prevoyance.fr\/blog\/wp-content\/uploads\/2026\/03\/Meilleure-prevoyance-independant-comment-choisir-la-couverture-ideale-en-2026-2.jpg\" alt=\"d\u00e9couvrez comment choisir la meilleure pr\u00e9voyance pour ind\u00e9pendant en 2026 et prot\u00e9gez efficacement votre activit\u00e9 avec une couverture adapt\u00e9e \u00e0 vos besoins.\" class=\"wp-image-235\" srcset=\"https:\/\/decagone-prevoyance.fr\/blog\/wp-content\/uploads\/2026\/03\/Meilleure-prevoyance-independant-comment-choisir-la-couverture-ideale-en-2026-2.jpg 1024w, https:\/\/decagone-prevoyance.fr\/blog\/wp-content\/uploads\/2026\/03\/Meilleure-prevoyance-independant-comment-choisir-la-couverture-ideale-en-2026-2-200x300.jpg 200w, https:\/\/decagone-prevoyance.fr\/blog\/wp-content\/uploads\/2026\/03\/Meilleure-prevoyance-independant-comment-choisir-la-couverture-ideale-en-2026-2-683x1024.jpg 683w, https:\/\/decagone-prevoyance.fr\/blog\/wp-content\/uploads\/2026\/03\/Meilleure-prevoyance-independant-comment-choisir-la-couverture-ideale-en-2026-2-768x1152.jpg 768w\" sizes=\"(max-width: 1024px) 100vw, 1024px\" \/><\/figure>\n\n<h2 class=\"wp-block-heading\"><span class=\"ez-toc-section\" id=\"Comparer_le_rapport_qualite-prix_un_enjeu_central_pour_lassurance_independants\"><\/span>Comparer le rapport qualit\u00e9-prix : un enjeu central pour l\u2019assurance ind\u00e9pendants<span class=\"ez-toc-section-end\"><\/span><\/h2>\n\n<p class=\"wp-block-paragraph\">Le co\u00fbt d\u2019une assurance pr\u00e9voyance pour travailleur ind\u00e9pendant fluctue selon de nombreux param\u00e8tres : \u00e2ge, activit\u00e9 professionnelle, revenus assur\u00e9s, garanties choisies. Cette diversit\u00e9 rend imp\u00e9ratif le recours \u00e0 un comparatif pr\u00e9cis qui permettra de ne pas favoriser uniquement le tarif initial, souvent trompeur.<\/p>\n\n<h3 class=\"wp-block-heading\">Prix en fonction de l\u2019\u00e2ge et du m\u00e9tier<\/h3>\n\n<p class=\"wp-block-paragraph\">\u00c0 titre d\u2019exemple, un auto-entrepreneur de 30 ans peut s\u2019attendre \u00e0 payer entre 20 et 40 euros mensuels pour une couverture de base tandis qu\u2019un dirigeant avec des revenus \u00e9lev\u00e9s \u00e0 50 ans verra sa cotisation d\u00e9passer parfois les 200 euros mensuels. Les secteurs \u00e0 risques plus \u00e9lev\u00e9s, comme le b\u00e2timent ou la restauration, engendrent des primes plus lourdes.<\/p>\n\n<h3 class=\"wp-block-heading\">Focaliser sur les garanties essentielles<\/h3>\n\n<p class=\"wp-block-paragraph\">Pour optimiser le budget, il est conseill\u00e9 de privil\u00e9gier en priorit\u00e9 les garanties incapacit\u00e9 temporaire, invalidit\u00e9 permanente et d\u00e9c\u00e8s. Les options suppl\u00e9mentaires, m\u00eame utiles, peuvent \u00eatre envisag\u00e9es ult\u00e9rieurement apr\u00e8s stabilisation financi\u00e8re.<\/p>\n\n<h3 class=\"wp-block-heading\">Comparaison pratique : aper\u00e7u des leaders du march\u00e9 en 2026<\/h3>\n\n<figure class=\"wp-block-table\"><table>\n<thead>\n<tr>\n<th>Assureur<\/th>\n<th>Prix et \u00e9volution<\/th>\n<th>Franchises<\/th>\n<th>Indemnisation<\/th>\n<th>Bar\u00e8me invalidit\u00e9<\/th>\n<th>Seuil rente invalidit\u00e9<\/th>\n<\/tr>\n<\/thead>\n<tbody>\n<tr>\n<td>April<\/td>\n<td>Tr\u00e8s bon pour revenus &lt; 3500\u20ac, option \u00e2ge stable<\/td>\n<td>15 et 7 jours disponibles<\/td>\n<td>Forfaitaire jusqu\u2019\u00e0 3 300\u20ac, indemnitaire ensuite<\/td>\n<td>Choix pro ou crois\u00e9<\/td>\n<td>\u00c0 partir de 33%, option taux r\u00e9duit<\/td>\n<\/tr>\n<tr>\n<td>Abeille<\/td>\n<td>Prix stables, index\u00e9s sur plafond SS<\/td>\n<td>Uniquement 30 jours<\/td>\n<td>Forfaitaire jusqu\u2019\u00e0 3 300\u20ac, indemnitaire ensuite<\/td>\n<td>Crois\u00e9<\/td>\n<td>\u00c0 partir de 33%, option taux r\u00e9duit<\/td>\n<\/tr>\n<tr>\n<td>Swisslife<\/td>\n<td>Bas jusqu\u2019\u00e0 35 ans, forte hausse ensuite<\/td>\n<td>7 et 15 jours pour certains profils<\/td>\n<td>Forfaitaire jusqu\u2019\u00e0 6 000\u20ac, indemnitaire ensuite<\/td>\n<td>Choix pro ou crois\u00e9<\/td>\n<td>\u00c0 partir de 33%, option taux r\u00e9duit<\/td>\n<\/tr>\n<tr>\n<td>Hodeva<\/td>\n<td>Tr\u00e8s attractif pour auto-entrepreneurs<\/td>\n<td>15 et 30 jours<\/td>\n<td>Forfaitaire jusqu\u2019\u00e0 3 300\u20ac, indemnitaire ensuite<\/td>\n<td>Crois\u00e9 sauf professions m\u00e9dicales<\/td>\n<td>\u00c0 partir de 33%<\/td>\n<\/tr>\n<tr>\n<td>Alptis<\/td>\n<td>Au-dessus du march\u00e9 sauf artisans<\/td>\n<td>Uniquement 30 jours<\/td>\n<td>Forfaitaire uniquement<\/td>\n<td>Crois\u00e9 sauf professions m\u00e9dicales<\/td>\n<td>\u00c0 partir de 33%, option taux r\u00e9duit<\/td>\n<\/tr>\n<\/tbody>\n<\/table><\/figure>\n\n<p class=\"wp-block-paragraph\">Ce tableau synth\u00e9tise les principales caract\u00e9ristiques des pr\u00e9voyances les plus vendues, facilitant une premi\u00e8re s\u00e9lection objective. Le choix doit s\u2019affiner sur la base de crit\u00e8res personnels et non sur la seule attractivit\u00e9 commerciale.<\/p>\n\n<h3 class=\"wp-block-heading\">Conseils pratiques pour \u00e9viter les pi\u00e8ges \u00e0 la souscription<\/h3>\n\n<p class=\"wp-block-paragraph\">Nombreux sont les ind\u00e9pendants \u00e0 n\u00e9gliger des \u00e9l\u00e9ments essentiels lors de la signature de leur contrat :<\/p>\n\n<ul class=\"wp-block-list\"><li><strong>Sous-estimation des besoins :<\/strong> Fixer un niveau d\u2019indemnisation trop bas par rapport aux charges r\u00e9elles compromet la stabilit\u00e9 financi\u00e8re en cas d\u2019arr\u00eat.<\/li><li><strong>Exclusions mal comprises :<\/strong> Pathologies courantes comme troubles psychologiques ou maladies du dos parfois exclues et non anticip\u00e9es.<\/li><li><strong>D\u00e9claration de revenus incorrecte :<\/strong> Une sous-d\u00e9claration r\u00e9duit les cotisations mais impacte n\u00e9gativement les indemnit\u00e9s vers\u00e9es.<\/li><li><strong>Politique d\u2019\u00e9volution tarifaire non ma\u00eetris\u00e9e :<\/strong> Pr\u00e9f\u00e9rer les contrats clairs sur la r\u00e9vision des primes \u00e9vite les mauvaises surprises.<\/li><\/ul>\n\n<p class=\"wp-block-paragraph\">Faire appel \u00e0 un courtier comp\u00e9tent aide \u00e0 d\u00e9cortiquer ces subtilit\u00e9s et garantit une souscription adapt\u00e9e au profil de chaque professionnel, en valorisant les conseils \u00e9clair\u00e9s pour la mise en place de la meilleure pr\u00e9voyance possible. D\u00e9couvrez comment un expert peut vous assister en lisant cet article d\u00e9di\u00e9 \u00e0 <a href=\"https:\/\/decagone-prevoyance.fr\/blog\/comment-un-courtier-prevoyance-peut-proteger-votre-avenir-en-2026-223\">comment un courtier pr\u00e9voyance peut prot\u00e9ger votre avenir en 2026<\/a>.<\/p>\n\n<p class=\"wp-block-paragraph\">Cette vid\u00e9o explique en d\u00e9tail les enjeux et conseils pour choisir la couverture id\u00e9ale en tenant compte des sp\u00e9cificit\u00e9s li\u00e9es au statut d\u2019ind\u00e9pendant.<\/p>\n\n<h2 class=\"wp-block-heading\"><span class=\"ez-toc-section\" id=\"Les_tendances_2026_pour_la_prevoyance_independant_ce_quil_faut_retenir\"><\/span>Les tendances 2026 pour la pr\u00e9voyance ind\u00e9pendant : ce qu\u2019il faut retenir<span class=\"ez-toc-section-end\"><\/span><\/h2>\n\n<p class=\"wp-block-paragraph\">La pr\u00e9voyance des travailleurs non salari\u00e9s \u00e9volue rapidement pour r\u00e9pondre aux nouvelles r\u00e9alit\u00e9s du march\u00e9 et aux attentes croissantes des assur\u00e9s. En 2026, plusieurs tendances marquent ce secteur :<\/p>\n\n<ul class=\"wp-block-list\"><li><strong>Plus de flexibilit\u00e9 :<\/strong> Les contrats s\u2019adaptent aux fluctuations de revenus, notamment pour les auto-entrepreneurs, gr\u00e2ce \u00e0 des cotisations modulables.<\/li><li><strong>Digitalisation accrue :<\/strong> La souscription et la gestion passent massivement par des plateformes en ligne, simplifiant l\u2019acc\u00e8s aux garanties et au suivi des dossiers.<\/li><li><strong>Renforcement des services :<\/strong> Au-del\u00e0 de l\u2019indemnisation, les assureurs investissent dans des services \u00e0 valeur ajout\u00e9e : accompagnement sant\u00e9, pr\u00e9vention, coaching financier.<\/li><li><strong>Extension des garanties :<\/strong> Couvre davantage de risques li\u00e9s aux pathologies psychiques ou aux maladies chroniques, avec des options sp\u00e9cifiques.<\/li><li><strong>Meilleur \u00e9quilibre prix\/garanties :<\/strong> Un effort palpable pour proposer des contrats comp\u00e9titifs et adapt\u00e9s aux besoins r\u00e9els, gr\u00e2ce \u00e0 une meilleure segmentation des profils.<\/li><\/ul>\n\n<p class=\"wp-block-paragraph\">En int\u00e9grant ces tendances, les ind\u00e9pendants b\u00e9n\u00e9ficient d\u00e9sormais d\u2019outils modernes et performants pour s\u00e9curiser leur activit\u00e9 tout en ma\u00eetrisant leur budget. Pour approfondir la question des rentes li\u00e9es \u00e0 l&rsquo;invalidit\u00e9, un article pr\u00e9cieux vous attend sur <a href=\"https:\/\/decagone-prevoyance.fr\/blog\/comment-calculer-la-rente-invalidite-en-prevoyance-efficacement-205\">comment calculer la rente invalidit\u00e9 en pr\u00e9voyance efficacement<\/a>.<\/p>\n\n<p class=\"wp-block-paragraph\">Cette vid\u00e9o illustre les meilleures pratiques pour pr\u00e9venir les risques professionnels et choisir la pr\u00e9voyance adapt\u00e9e.<\/p>\n\n<figure class=\"wp-block-image size-full\"><img decoding=\"async\" width=\"1536\" height=\"1024\" src=\"https:\/\/decagone-prevoyance.fr\/blog\/wp-content\/uploads\/2026\/03\/Meilleure-prevoyance-independant-comment-choisir-la-couverture-ideale-en-2026-3.jpg\" alt=\"d\u00e9couvrez comment choisir la meilleure pr\u00e9voyance pour ind\u00e9pendants en 2026 et trouvez la couverture id\u00e9ale pour prot\u00e9ger votre activit\u00e9 et votre avenir.\" class=\"wp-image-236\" srcset=\"https:\/\/decagone-prevoyance.fr\/blog\/wp-content\/uploads\/2026\/03\/Meilleure-prevoyance-independant-comment-choisir-la-couverture-ideale-en-2026-3.jpg 1536w, https:\/\/decagone-prevoyance.fr\/blog\/wp-content\/uploads\/2026\/03\/Meilleure-prevoyance-independant-comment-choisir-la-couverture-ideale-en-2026-3-300x200.jpg 300w, https:\/\/decagone-prevoyance.fr\/blog\/wp-content\/uploads\/2026\/03\/Meilleure-prevoyance-independant-comment-choisir-la-couverture-ideale-en-2026-3-1024x683.jpg 1024w, https:\/\/decagone-prevoyance.fr\/blog\/wp-content\/uploads\/2026\/03\/Meilleure-prevoyance-independant-comment-choisir-la-couverture-ideale-en-2026-3-768x512.jpg 768w\" sizes=\"(max-width: 1536px) 100vw, 1536px\" \/><\/figure>\n\n<script type=\"application\/ld+json\">\n{\"@context\":\"https:\/\/schema.org\",\"@type\":\"FAQPage\",\"mainEntity\":[{\"@type\":\"Question\",\"name\":\"Quelle garantie est absolument indispensable pour un indu00e9pendant ?\",\"acceptedAnswer\":{\"@type\":\"Answer\",\"text\":\"Lu2019incapacitu00e9 temporaire de travail et lu2019invaliditu00e9 permanente sont les garanties de base u00e0 ne jamais nu00e9gliger pour assurer la continuitu00e9 de revenus.\"}},{\"@type\":\"Question\",\"name\":\"Peut-on souscrire une pru00e9voyance du00e8s la cru00e9ation de son entreprise ?\",\"acceptedAnswer\":{\"@type\":\"Answer\",\"text\":\"Oui, il est mu00eame recommandu00e9 de souscrire le plus tu00f4t possible afin de bu00e9nu00e9ficier de tarifs avantageux et du2019assurer une protection optimale du00e8s le du00e9part.\"}},{\"@type\":\"Question\",\"name\":\"Comment u00e9viter les exclusions de garanties ?\",\"acceptedAnswer\":{\"@type\":\"Answer\",\"text\":\"Une lecture attentive des conditions gu00e9nu00e9rales et la consultation du2019un courtier spu00e9cialisu00e9 permettent du2019identifier les exclusions et de choisir un contrat adaptu00e9 u00e0 votre profil.\"}},{\"@type\":\"Question\",\"name\":\"Les tarifs du2019une assurance pru00e9voyance peuvent-ils augmenter avec lu2019u00e2ge ?\",\"acceptedAnswer\":{\"@type\":\"Answer\",\"text\":\"Effectivement, la majoritu00e9 des contrats voient leurs cotisations u00e9voluer u00e0 la hausse avec lu2019u00e2ge. Certaines formules proposent toutefois des options pour stabiliser le tarif u00e0 lu2019adhu00e9sion.\"}},{\"@type\":\"Question\",\"name\":\"Un auto-entrepreneur a-t-il besoin du2019une couverture spu00e9cifique ?\",\"acceptedAnswer\":{\"@type\":\"Answer\",\"text\":\"Oui, le ru00e9gime simplifiu00e9 de lu2019auto-entrepreneur ne garantit pas toutes les protections nu00e9cessaires, il est donc conseillu00e9 de souscrire u00e0 un complu00e9ment du00e9diu00e9 pour mieux su00e9curiser son activitu00e9.\"}}]}\n<\/script>\n<h3>Quelle garantie est absolument indispensable pour un ind\u00e9pendant ?<\/h3>\n<p>L\u2019incapacit\u00e9 temporaire de travail et l\u2019invalidit\u00e9 permanente sont les garanties de base \u00e0 ne jamais n\u00e9gliger pour assurer la continuit\u00e9 de revenus.<\/p>\n<h3>Peut-on souscrire une pr\u00e9voyance d\u00e8s la cr\u00e9ation de son entreprise ?<\/h3>\n<p>Oui, il est m\u00eame recommand\u00e9 de souscrire le plus t\u00f4t possible afin de b\u00e9n\u00e9ficier de tarifs avantageux et d\u2019assurer une protection optimale d\u00e8s le d\u00e9part.<\/p>\n<h3>Comment \u00e9viter les exclusions de garanties ?<\/h3>\n<p>Une lecture attentive des conditions g\u00e9n\u00e9rales et la consultation d\u2019un courtier sp\u00e9cialis\u00e9 permettent d\u2019identifier les exclusions et de choisir un contrat adapt\u00e9 \u00e0 votre profil.<\/p>\n<h3>Les tarifs d\u2019une assurance pr\u00e9voyance peuvent-ils augmenter avec l\u2019\u00e2ge ?<\/h3>\n<p>Effectivement, la majorit\u00e9 des contrats voient leurs cotisations \u00e9voluer \u00e0 la hausse avec l\u2019\u00e2ge. Certaines formules proposent toutefois des options pour stabiliser le tarif \u00e0 l\u2019adh\u00e9sion.<\/p>\n<h3>Un auto-entrepreneur a-t-il besoin d\u2019une couverture sp\u00e9cifique ?<\/h3>\n<p>Oui, le r\u00e9gime simplifi\u00e9 de l\u2019auto-entrepreneur ne garantit pas toutes les protections n\u00e9cessaires, il est donc conseill\u00e9 de souscrire \u00e0 un compl\u00e9ment d\u00e9di\u00e9 pour mieux s\u00e9curiser son activit\u00e9.<\/p>\n\n","protected":false},"excerpt":{"rendered":"<p>Avec l\u2019essor continu du travail ind\u00e9pendant en France, la protection sociale de cette cat\u00e9gorie professionnelle reste un d\u00e9fi crucial. En 2024, plus de 4,2 millions de travailleurs ind\u00e9pendants \u00e9taient recens\u00e9s, un chiffre en croissance constante qui met en lumi\u00e8re l\u2019importance d\u2019une couverture adapt\u00e9e. La nature m\u00eame du statut d\u2019ind\u00e9pendant, souvent synonyme d\u2019absence de filet salarial &#8230; <a title=\"Meilleure pr\u00e9voyance ind\u00e9pendant : comment choisir la couverture id\u00e9ale en 2026\" class=\"read-more\" href=\"https:\/\/decagone-prevoyance.fr\/blog\/meilleure-prevoyance-independant-comment-choisir-la-couverture-ideale-en-2026-237\" aria-label=\"En savoir plus sur Meilleure pr\u00e9voyance ind\u00e9pendant : comment choisir la couverture id\u00e9ale en 2026\">Lire la suite<\/a><\/p>\n","protected":false},"author":4,"featured_media":233,"comment_status":"open","ping_status":"open","sticky":false,"template":"","format":"standard","meta":{"_crdt_document":"","footnotes":""},"categories":[8],"tags":[],"class_list":["post-237","post","type-post","status-publish","format-standard","has-post-thumbnail","hentry","category-prevoyance-retraite"],"_links":{"self":[{"href":"https:\/\/decagone-prevoyance.fr\/blog\/wp-json\/wp\/v2\/posts\/237","targetHints":{"allow":["GET"]}}],"collection":[{"href":"https:\/\/decagone-prevoyance.fr\/blog\/wp-json\/wp\/v2\/posts"}],"about":[{"href":"https:\/\/decagone-prevoyance.fr\/blog\/wp-json\/wp\/v2\/types\/post"}],"author":[{"embeddable":true,"href":"https:\/\/decagone-prevoyance.fr\/blog\/wp-json\/wp\/v2\/users\/4"}],"replies":[{"embeddable":true,"href":"https:\/\/decagone-prevoyance.fr\/blog\/wp-json\/wp\/v2\/comments?post=237"}],"version-history":[{"count":0,"href":"https:\/\/decagone-prevoyance.fr\/blog\/wp-json\/wp\/v2\/posts\/237\/revisions"}],"wp:featuredmedia":[{"embeddable":true,"href":"https:\/\/decagone-prevoyance.fr\/blog\/wp-json\/wp\/v2\/media\/233"}],"wp:attachment":[{"href":"https:\/\/decagone-prevoyance.fr\/blog\/wp-json\/wp\/v2\/media?parent=237"}],"wp:term":[{"taxonomy":"category","embeddable":true,"href":"https:\/\/decagone-prevoyance.fr\/blog\/wp-json\/wp\/v2\/categories?post=237"},{"taxonomy":"post_tag","embeddable":true,"href":"https:\/\/decagone-prevoyance.fr\/blog\/wp-json\/wp\/v2\/tags?post=237"}],"curies":[{"name":"wp","href":"https:\/\/api.w.org\/{rel}","templated":true}]}}