{"id":241,"date":"2026-03-13T21:21:14","date_gmt":"2026-03-13T21:21:14","guid":{"rendered":"https:\/\/decagone-prevoyance.fr\/blog\/utiliser-versailles-iprof-pour-optimiser-la-gestion-de-votre-carriere-educative-241"},"modified":"2026-03-13T21:21:14","modified_gmt":"2026-03-13T21:21:14","slug":"utiliser-versailles-iprof-pour-optimiser-la-gestion-de-votre-carriere-educative","status":"publish","type":"post","link":"https:\/\/decagone-prevoyance.fr\/blog\/utiliser-versailles-iprof-pour-optimiser-la-gestion-de-votre-carriere-educative-241","title":{"rendered":"Utiliser versailles iprof pour optimiser la gestion de votre carri\u00e8re \u00e9ducative"},"content":{"rendered":"<p class=\"wp-block-paragraph\">Dans le monde bouillonnant de l\u2019\u00e9ducation, o\u00f9 les dossiers restent souvent bloqu\u00e9s dans la paperasse administrative et o\u00f9 la gestion de carri\u00e8re ressemblait jadis \u00e0 une qu\u00eate \u00e9pique, iProf Versailles d\u00e9barque comme un h\u00e9ros num\u00e9rique inattendu. Ce portail, sp\u00e9cialement con\u00e7u pour les enseignants de l\u2019acad\u00e9mie de Versailles, centralise enfin les informations et simplifie largement la gestion quotidienne des personnels \u00e9ducatifs. Plus besoin de glisser des plombes \u00e0 chercher qui fait quoi dans un flot de mails vaseux : la gestion de carri\u00e8re, les mutations, la formation continue, tout est l\u00e0, sous vos yeux, pr\u00eat \u00e0 \u00eatre pilot\u00e9 \u00e0 distance. Certes, qui aime vraiment se frotter \u00e0 l\u2019administration ? Pourtant, dans un univers o\u00f9 chaque d\u00e9tail compte, iProf s\u2019impose comme le copilote indispensable pour \u00e9viter les faux pas qui bloquent une promotion ou retardent une mutation. <\/p>\n\n<p class=\"wp-block-paragraph\">Cependant, cette autonomie num\u00e9rique que promet iProf Versailles ne s\u2019obtient pas d\u2019un simple clic b\u00e9at. Comprendre son fonctionnement, y naviguer sans se perdre dans les m\u00e9andres des menus, saisir l\u2019importance du suivi professionnel en temps r\u00e9el, voil\u00e0 des savoir-faire cruciaux. En 2026, au c\u0153ur d\u2019une acad\u00e9mie exigeante et comp\u00e9titive, ma\u00eetriser cette plateforme devient bien plus qu\u2019un atout : c\u2019est une n\u00e9cessit\u00e9 pour quiconque souhaite optimiser sa carri\u00e8re d\u2019enseignant. Que vous soyez stagiaire fra\u00eechement d\u00e9barqu\u00e9 ou ma\u00eetre de conf\u00e9rence v\u00e9t\u00e9ran, iProf Versailles vous offre les cl\u00e9s, \u00e0 condition de ne pas vous contenter d\u2019une visite touristique digitale. <\/p>\n\n<p class=\"wp-block-paragraph\"><strong>Points cl\u00e9s \u00e0 retenir :<\/strong><\/p>\n\n<ul class=\"wp-block-list\"><li><strong>I-Prof Versailles<\/strong> est votre espace personnalis\u00e9 pour la gestion administrative et le suivi professionnel dans l\u2019acad\u00e9mie.<\/li><li>La plateforme facilite toutes les d\u00e9marches li\u00e9es aux mutations, promotions et formations continues.<\/li><li>La connexion s\u00e9curis\u00e9e passe par un URL officiel et l\u2019usage d\u2019identifiants rigoureux, avec une authentification forte de plus en plus recommand\u00e9e.<\/li><li>Les notifications et alertes locales vous prot\u00e8gent contre les d\u00e9lais manqu\u00e9s, cruciaux dans la fonction publique.<\/li><li>L\u2019outil <strong>Colibris<\/strong> compl\u00e8te iProf en g\u00e9rant les demandes sp\u00e9cifiques comme les d\u00e9tachements ou les recours.<\/li><\/ul>\n\n<div id=\"ez-toc-container\" class=\"ez-toc-v2_0_81 counter-hierarchy ez-toc-counter ez-toc-transparent ez-toc-container-direction\">\n<div class=\"ez-toc-title-container\">\n<p class=\"ez-toc-title\" style=\"cursor:inherit\">Table of Contents<\/p>\n<span class=\"ez-toc-title-toggle\"><a href=\"#\" class=\"ez-toc-pull-right ez-toc-btn ez-toc-btn-xs ez-toc-btn-default ez-toc-toggle\" aria-label=\"Toggle Table of Content\"><span class=\"ez-toc-js-icon-con\"><span class=\"\"><span class=\"eztoc-hide\" style=\"display:none;\">Toggle<\/span><span class=\"ez-toc-icon-toggle-span\"><svg style=\"fill: #999;color:#999\" xmlns=\"http:\/\/www.w3.org\/2000\/svg\" class=\"list-377408\" width=\"20px\" height=\"20px\" viewBox=\"0 0 24 24\" fill=\"none\"><path d=\"M6 6H4v2h2V6zm14 0H8v2h12V6zM4 11h2v2H4v-2zm16 0H8v2h12v-2zM4 16h2v2H4v-2zm16 0H8v2h12v-2z\" fill=\"currentColor\"><\/path><\/svg><svg style=\"fill: #999;color:#999\" class=\"arrow-unsorted-368013\" xmlns=\"http:\/\/www.w3.org\/2000\/svg\" width=\"10px\" height=\"10px\" viewBox=\"0 0 24 24\" version=\"1.2\" baseProfile=\"tiny\"><path d=\"M18.2 9.3l-6.2-6.3-6.2 6.3c-.2.2-.3.4-.3.7s.1.5.3.7c.2.2.4.3.7.3h11c.3 0 .5-.1.7-.3.2-.2.3-.5.3-.7s-.1-.5-.3-.7zM5.8 14.7l6.2 6.3 6.2-6.3c.2-.2.3-.5.3-.7s-.1-.5-.3-.7c-.2-.2-.4-.3-.7-.3h-11c-.3 0-.5.1-.7.3-.2.2-.3.5-.3.7s.1.5.3.7z\"\/><\/svg><\/span><\/span><\/span><\/a><\/span><\/div>\n<nav><ul class='ez-toc-list ez-toc-list-level-1 ' ><li class='ez-toc-page-1 ez-toc-heading-level-2'><a class=\"ez-toc-link ez-toc-heading-1\" href=\"https:\/\/decagone-prevoyance.fr\/blog\/utiliser-versailles-iprof-pour-optimiser-la-gestion-de-votre-carriere-educative-241\/#iProf_Versailles_un_levier_strategique_pour_gerer_efficacement_sa_carriere_denseignant\" >iProf Versailles : un levier strat\u00e9gique pour g\u00e9rer efficacement sa carri\u00e8re d\u2019enseignant<\/a><\/li><li class='ez-toc-page-1 ez-toc-heading-level-2'><a class=\"ez-toc-link ez-toc-heading-2\" href=\"https:\/\/decagone-prevoyance.fr\/blog\/utiliser-versailles-iprof-pour-optimiser-la-gestion-de-votre-carriere-educative-241\/#Se_connecter_a_iProf_Versailles_eviter_les_pieges_et_assurer_la_securite_de_vos_donnees\" >Se connecter \u00e0 iProf Versailles : \u00e9viter les pi\u00e8ges et assurer la s\u00e9curit\u00e9 de vos donn\u00e9es<\/a><\/li><li class='ez-toc-page-1 ez-toc-heading-level-2'><a class=\"ez-toc-link ez-toc-heading-3\" href=\"https:\/\/decagone-prevoyance.fr\/blog\/utiliser-versailles-iprof-pour-optimiser-la-gestion-de-votre-carriere-educative-241\/#Maximiser_loutil_iProf_pour_anticiper_mutations_promotions_et_formations\" >Maximiser l\u2019outil iProf pour anticiper mutations, promotions et formations<\/a><\/li><li class='ez-toc-page-1 ez-toc-heading-level-2'><a class=\"ez-toc-link ez-toc-heading-4\" href=\"https:\/\/decagone-prevoyance.fr\/blog\/utiliser-versailles-iprof-pour-optimiser-la-gestion-de-votre-carriere-educative-241\/#Planifier_sa_montee_en_competences_grace_a_la_formation_continue_sur_iProf_Versailles\" >Planifier sa mont\u00e9e en comp\u00e9tences gr\u00e2ce \u00e0 la formation continue sur iProf Versailles<\/a><\/li><\/ul><\/nav><\/div>\n<h2 class=\"wp-block-heading\"><span class=\"ez-toc-section\" id=\"iProf_Versailles_un_levier_strategique_pour_gerer_efficacement_sa_carriere_denseignant\"><\/span>iProf Versailles : un levier strat\u00e9gique pour g\u00e9rer efficacement sa carri\u00e8re d\u2019enseignant<span class=\"ez-toc-section-end\"><\/span><\/h2>\n\n<p class=\"wp-block-paragraph\">Loin d\u2019\u00eatre un simple tableau de bord rempli de statistiques obscures et d\u2019onglets incompr\u00e9hensibles, iProf Versailles est le v\u00e9ritable couteau suisse num\u00e9rique pour l\u2019enseignant contemporain. Chaque fonction est pens\u00e9e pour r\u00e9pondre \u00e0 une probl\u00e9matique pr\u00e9cise qui, dans le pass\u00e9, n\u00e9cessitait de rappeler dix fois le service administratif et d\u2019accumuler une pile de paperasses digne d\u2019une pyramide \u00e9gyptienne.<\/p>\n\n<p class=\"wp-block-paragraph\">La gestion de carri\u00e8re est probablement l\u2019aspect le plus pr\u00e9cieux de la plateforme. Imaginez pouvoir consulter instantan\u00e9ment votre affectation actuelle, conna\u00eetre votre \u00e9chelon, votre grade, et surtout, votre anciennet\u00e9, sans passer par un secret de polichinelle dans le bureau obscur d\u2019un gestionnaire. Cette transparence, insuffisante il y a encore quelques ann\u00e9es, est d\u00e9sormais \u00e0 port\u00e9e d\u2019\u00e9cran. Le dossier administratif digitalis\u00e9 se met \u00e0 jour en temps r\u00e9el, offrant un suivi clair qui \u00e9vite bien des malentendus et des retards.<\/p>\n\n<p class=\"wp-block-paragraph\">Mais ne croyez pas que votre CV acad\u00e9mique reste au vestiaire. Au contraire, iProf vous permet de tenir ce document \u00e0 jour en int\u00e9grant toutes vos formations, responsabilit\u00e9s ou exp\u00e9riences p\u00e9dagogiques. Cette trace formalis\u00e9e est visible par les d\u00e9cideurs lors des mutations ou promotions, ce qui vous place dans une meilleure position pour d\u00e9crocher le poste r\u00eav\u00e9 ou acc\u00e9der \u00e0 l\u2019\u00e9chelon sup\u00e9rieur. Il s\u2019agit d\u2019un vrai levier pour le pilotage de votre plan de carri\u00e8re.<\/p>\n\n<p class=\"wp-block-paragraph\">Ce suivi permanent de votre progression individuelle n\u2019est pas un gadget, mais une arme contre l\u2019incertitude chronique des parcours dans l\u2019\u00e9ducation nationale. Qui n\u2019a jamais re\u00e7u une r\u00e9ponse vague ou tardive concernant ses droits \u00e0 une formation ou l\u2019avancement de son dossier de mutation ? Ici, chaque \u00e9tape est mod\u00e9lis\u00e9e, chaque information disponible, et les notifications vous rappellent les \u00e9ch\u00e9ances cl\u00e9s, sous peine de vous faire perdre une ann\u00e9e scolaire enti\u00e8re.<\/p>\n\n<p class=\"wp-block-paragraph\">Il faut cependant noter que certaines fonctions se d\u00e9portent vers la plateforme <strong>Colibris<\/strong>, d\u00e9sormais indispensable pour traiter les demandes sp\u00e9cifiques comme les cong\u00e9s, d\u00e9tachements, ou mutations internationales. Cette compl\u00e9mentarit\u00e9 renforce la fluidit\u00e9 des \u00e9changes avec l\u2019administration, rempla\u00e7ant progressivement les vieux courriers papier par un suivi informatis\u00e9 clair et tra\u00e7able.<\/p>\n\n<figure class=\"wp-block-image size-full\"><img decoding=\"async\" width=\"1536\" height=\"1024\" src=\"https:\/\/decagone-prevoyance.fr\/blog\/wp-content\/uploads\/2026\/03\/Utiliser-versailles-iprof-pour-optimiser-la-gestion-de-votre-carriere-educative-1.jpg\" alt=\"d\u00e9couvrez comment utiliser versailles iprof pour optimiser la gestion de votre carri\u00e8re \u00e9ducative et simplifier vos d\u00e9marches administratives au quotidien.\" class=\"wp-image-239\" srcset=\"https:\/\/decagone-prevoyance.fr\/blog\/wp-content\/uploads\/2026\/03\/Utiliser-versailles-iprof-pour-optimiser-la-gestion-de-votre-carriere-educative-1.jpg 1536w, https:\/\/decagone-prevoyance.fr\/blog\/wp-content\/uploads\/2026\/03\/Utiliser-versailles-iprof-pour-optimiser-la-gestion-de-votre-carriere-educative-1-300x200.jpg 300w, https:\/\/decagone-prevoyance.fr\/blog\/wp-content\/uploads\/2026\/03\/Utiliser-versailles-iprof-pour-optimiser-la-gestion-de-votre-carriere-educative-1-1024x683.jpg 1024w, https:\/\/decagone-prevoyance.fr\/blog\/wp-content\/uploads\/2026\/03\/Utiliser-versailles-iprof-pour-optimiser-la-gestion-de-votre-carriere-educative-1-768x512.jpg 768w\" sizes=\"(max-width: 1536px) 100vw, 1536px\" \/><\/figure>\n\n<h3 class=\"wp-block-heading\">Une gestion locale adapt\u00e9e au territoire de l\u2019acad\u00e9mie de Versailles<\/h3>\n\n<p class=\"wp-block-paragraph\">Ce qui distingue particuli\u00e8rement I-Prof Versailles de ses homologues nationaux, c\u2019est son int\u00e9gration profonde \u00e0 l\u2019\u00e9cosyst\u00e8me r\u00e9gional. L\u2019acad\u00e9mie regroupe des d\u00e9partements aux r\u00e8gles sp\u00e9cifiques, o\u00f9 les calendriers de mutation et les crit\u00e8res de poste varient subtilement mais de fa\u00e7on d\u00e9cisive. Une faute de date ou une m\u00e9connaissance des proc\u00e9dures locales et la frustration guette.<\/p>\n\n<p class=\"wp-block-paragraph\">Voici un tableau r\u00e9capitulatif illustrant quelques-unes des particularit\u00e9s de l\u2019acad\u00e9mie de Versailles :<\/p>\n\n<figure class=\"wp-block-table\"><table>\n<thead>\n<tr>\n<th>Zone Acad\u00e9mique<\/th>\n<th>Sp\u00e9cificit\u00e9s I-Prof<\/th>\n<th>D\u00e9lais Cl\u00e9s \u00e0 respecter<\/th>\n<\/tr>\n<\/thead>\n<tbody>\n<tr>\n<td>Yvelines<\/td>\n<td>Saisie des v\u0153ux avant le 1er f\u00e9vrier<\/td>\n<td>1er f\u00e9vrier<\/td>\n<\/tr>\n<tr>\n<td>Essonne<\/td>\n<td>Postes prioritaires disponibles d\u00e8s mi-janvier<\/td>\n<td>15 janvier<\/td>\n<\/tr>\n<tr>\n<td>Hauts-de-Seine<\/td>\n<td>Mouvement intra rapide avec r\u00e9sultats au 28 janvier<\/td>\n<td>28 janvier<\/td>\n<\/tr>\n<\/tbody>\n<\/table><\/figure>\n\n<p class=\"wp-block-paragraph\">Ignorez ces subtilit\u00e9s locales en croyant que la plateforme nationale suffit, et vous pourriez bien vous retrouver avec un billet pour un concert&#8230; dans la mauvaise ville. I-Prof Versailles synchronise notifications et alertes pour vous, assurant ainsi de ne jamais rater un rendez-vous crucial dans votre carri\u00e8re.<\/p>\n\n<h2 class=\"wp-block-heading\"><span class=\"ez-toc-section\" id=\"Se_connecter_a_iProf_Versailles_eviter_les_pieges_et_assurer_la_securite_de_vos_donnees\"><\/span>Se connecter \u00e0 iProf Versailles : \u00e9viter les pi\u00e8ges et assurer la s\u00e9curit\u00e9 de vos donn\u00e9es<span class=\"ez-toc-section-end\"><\/span><\/h2>\n\n<p class=\"wp-block-paragraph\">La digitalisation du suivi professionnel n\u2019est pas un long fleuve tranquille. La connexion \u00e0 iProf Versailles, bien qu\u2019essentielle, s\u2019apparente parfois \u00e0 un exercice d\u2019acrobatie administrative. Identifier la bonne URL, rentrer des identifiants rigoureux, s\u2019adapter \u00e0 l\u2019authentification renforc\u00e9e&#8230; autant d\u2019obstacles pour qui n\u2019est pas f\u00e9ru de num\u00e9rique.<\/p>\n\n<p class=\"wp-block-paragraph\">Le premier imp\u00e9ratif est d\u2019utiliser exclusivement le lien officiel : <strong>https:\/\/bv.ac-versailles.fr\/iprof\/ServletIprof<\/strong>. Toute recherche Google ou raccourci bricol\u00e9 pourrait vous guider vers une p\u00e2le imitation, voire un site frauduleux pr\u00eat \u00e0 d\u00e9rober vos pr\u00e9cieuses donn\u00e9es. Il est judicieux de sauvegarder ce lien en favori ou sur le bureau de votre ordinateur.<\/p>\n\n<p class=\"wp-block-paragraph\">Vos identifiants respectent une logique simple mais inflexible : <em>premi\u00e8re lettre du pr\u00e9nom + nom complet en minuscules<\/em>, suivis d\u2019un chiffre en cas d\u2019homonymie. Le mot de passe par d\u00e9faut \u00e0 premi\u00e8re connexion, c\u2019est le fameux NUMEN, un code alphanum\u00e9rique \u00e0 13 caract\u00e8res, sensible \u00e0 la casse et \u00e0 ne pas confondre avec une bande de caract\u00e8res al\u00e9atoires.<\/p>\n\n<p class=\"wp-block-paragraph\">La nouveaut\u00e9 en 2026 r\u00e9side dans le recours grandissant \u00e0 l\u2019authentification \u00e0 deux facteurs via <strong>OTP<\/strong> (One Time Password). Ce syst\u00e8me renforce consid\u00e9rablement la protection de votre compte en vous envoyant un code temporaire sur votre t\u00e9l\u00e9phone. Un petit d\u00e9lai suppl\u00e9mentaire, certes, mais un bouclier quasi-imparable contre les cyberattaques.<\/p>\n\n<p class=\"wp-block-paragraph\">En cas de difficult\u00e9, les solutions sont bien rod\u00e9es : vider le cache du navigateur, v\u00e9rifier la casse des caract\u00e8res, utiliser la proc\u00e9dure de r\u00e9initialisation via le portail Macadam. Et si \u00e7a coince, deux num\u00e9ros d\u2019assistance sont disponibles : <strong>08 20 36 36 36<\/strong> pour iProf, et <strong>01 30 83 43 00<\/strong> pour le rectorat, avec toujours la possibilit\u00e9 d\u2019envoyer un mail \u00e0 Assistance.iprof@ac-versailles.fr, m\u00eame si la patience devient alors votre meilleure alli\u00e9e.<\/p>\n\n<h3 class=\"wp-block-heading\">Quelques bonnes pratiques pour pr\u00e9server la s\u00e9curit\u00e9 de votre espace<\/h3>\n\n<p class=\"wp-block-paragraph\">En ces temps o\u00f9 les cyberattaques contre les services publics se multiplient, un petit mode d\u2019emploi des r\u00e8gles basiques s\u2019impose. D\u2019abord, il ne faut jamais partager ses identifiants \u2014 m\u00eame avec un coll\u00e8gue \u00e0 l\u2019air innocent. Ensuite, le renouvellement r\u00e9gulier de votre mot de passe \u00e9vite les situations kafka\u00efennes de piratage. Enfin, l\u2019activation de l\u2019OTP s\u2019av\u00e8re plus un confort prot\u00e9geant votre carri\u00e8re qu\u2019une contrainte absurde. En r\u00e9sum\u00e9, c\u2019est un peu comme fermer la porte \u00e0 cl\u00e9 : inutile \u00e0 ceux qui n\u2019ont rien \u00e0 cacher, indispensable quand on g\u00e8re des donn\u00e9es publiques pr\u00e9cieuses.<\/p>\n\n<h2 class=\"wp-block-heading\"><span class=\"ez-toc-section\" id=\"Maximiser_loutil_iProf_pour_anticiper_mutations_promotions_et_formations\"><\/span>Maximiser l\u2019outil iProf pour anticiper mutations, promotions et formations<span class=\"ez-toc-section-end\"><\/span><\/h2>\n\n<p class=\"wp-block-paragraph\">En voil\u00e0 une bonne nouvelle pour \u00e9viter les crises de derni\u00e8re minute : iProf Versailles vous offre une interface claire pour d\u00e9poser vos demandes de mutation, planifier votre progression salariale, et m\u00eame vous inscrire aux formations continues. Fini le temps o\u00f9 on postulait \u00e0 l\u2019aveugle, sans savoir si son dossier avait une chance.<\/p>\n\n<p class=\"wp-block-paragraph\">Le mouvement intra est un moment critique, parfaitement encadr\u00e9 dans la plateforme. L\u2019utilisateur peut :<\/p>\n\n<ul class=\"wp-block-list\"><li>Consulter l\u2019ensemble des postes disponibles dans l\u2019acad\u00e9mie<\/li><li>Classer ses v\u0153ux par ordre de pr\u00e9f\u00e9rence<\/li><li>Formuler des arguments motiv\u00e9s<\/li><li>Valider sa demande avant une date butoir drastique<\/li><\/ul>\n\n<p class=\"wp-block-paragraph\">L\u00e0 o\u00f9 la plateforme affiche tout son savoir-faire, c\u2019est dans le calcul automatique du bar\u00e8me, r\u00e9alis\u00e9 en temps r\u00e9el. Vous disposez ainsi d\u2019une vision pr\u00e9cise de vos chances, m\u00eame si dans la fonction publique, un peu de cynisme reste n\u00e9cessaire : \u201cbar\u00e8me \u00e9lev\u00e9\u201d ne veut pas toujours dire succ\u00e8s garanti.<\/p>\n\n<p class=\"wp-block-paragraph\">Les promotions et avancements b\u00e9n\u00e9ficient aussi d\u2019un suivi transparent : les \u00e9chelons, grades, conditions d\u2019anciennet\u00e9 et dossiers requis se consultent ais\u00e9ment. Une astuce essentielle pour ceux qui veulent grimper les \u00e9chelons sans accumuler les allers-retours interminables avec les services de gestion.<\/p>\n\n<p class=\"wp-block-paragraph\">Un exemple concret : Franck, professeur dans les Yvelines, a pu gr\u00e2ce \u00e0 sa vigilance sur iProf anticiper sa mont\u00e9e en classe exceptionnelle, augmentant ses revenus et sa reconnaissance professionnelle de fa\u00e7on fluide. Ses conseils : \u201cGardez votre CV acad\u00e9mique \u00e0 jour, participez aux formations et surtout, suivez les alertes d\u2019iProf \u2014 c\u2019est votre meilleure assurance contre les oublis.\u201d<\/p>\n\n<figure class=\"wp-block-image size-full\"><img decoding=\"async\" width=\"1536\" height=\"1024\" src=\"https:\/\/decagone-prevoyance.fr\/blog\/wp-content\/uploads\/2026\/03\/Utiliser-versailles-iprof-pour-optimiser-la-gestion-de-votre-carriere-educative-2.jpg\" alt=\"d\u00e9couvrez comment utiliser versailles iprof pour optimiser la gestion de votre carri\u00e8re \u00e9ducative, simplifier vos d\u00e9marches administratives et suivre votre \u00e9volution professionnelle efficacement.\" class=\"wp-image-240\" srcset=\"https:\/\/decagone-prevoyance.fr\/blog\/wp-content\/uploads\/2026\/03\/Utiliser-versailles-iprof-pour-optimiser-la-gestion-de-votre-carriere-educative-2.jpg 1536w, https:\/\/decagone-prevoyance.fr\/blog\/wp-content\/uploads\/2026\/03\/Utiliser-versailles-iprof-pour-optimiser-la-gestion-de-votre-carriere-educative-2-300x200.jpg 300w, https:\/\/decagone-prevoyance.fr\/blog\/wp-content\/uploads\/2026\/03\/Utiliser-versailles-iprof-pour-optimiser-la-gestion-de-votre-carriere-educative-2-1024x683.jpg 1024w, https:\/\/decagone-prevoyance.fr\/blog\/wp-content\/uploads\/2026\/03\/Utiliser-versailles-iprof-pour-optimiser-la-gestion-de-votre-carriere-educative-2-768x512.jpg 768w\" sizes=\"(max-width: 1536px) 100vw, 1536px\" \/><\/figure>\n\n<h2 class=\"wp-block-heading\"><span class=\"ez-toc-section\" id=\"Planifier_sa_montee_en_competences_grace_a_la_formation_continue_sur_iProf_Versailles\"><\/span>Planifier sa mont\u00e9e en comp\u00e9tences gr\u00e2ce \u00e0 la formation continue sur iProf Versailles<span class=\"ez-toc-section-end\"><\/span><\/h2>\n\n<p class=\"wp-block-paragraph\">Loin d\u2019\u00eatre un simple registre, iProf Versailles est \u00e9galement un centre n\u00e9vralgique pour enrichir son profil professionnel au travers d\u2019un vaste catalogue de formations. Dans un m\u00e9tier en perp\u00e9tuelle \u00e9volution, rester \u00e0 la pointe se traduit en promotions, meilleures conditions de travail et reconnaissance accrue.<\/p>\n\n<p class=\"wp-block-paragraph\">Le catalogue de formation s\u2019\u00e9tale sur des sujets vari\u00e9s tels que :<\/p>\n\n<ul class=\"wp-block-list\"><li>Techniques p\u00e9dagogiques innovantes pour s\u2019adapter aux \u00e9l\u00e8ves du XXIe si\u00e8cle<\/li><li>Gestion du stress et m\u00e9thodologies pour un enseignement serein<\/li><li>Approfondissement de l\u2019usage des outils num\u00e9riques et ENT<\/li><li>Modules sp\u00e9cifiques selon les disciplines et niveaux d\u2019enseignement<\/li><\/ul>\n\n<p class=\"wp-block-paragraph\">La plateforme vous permet de vous inscrire en ligne, de consulter ais\u00e9ment l\u2019historique de formation et d\u2019obtenir des certifications valorisables. Ainsi, la formation continue devient un moteur visible sur votre plan de carri\u00e8re, au lieu d\u2019un simple bricolage hors d\u00e9lai.<\/p>\n\n<p class=\"wp-block-paragraph\">Dernier conseil : s\u2019inscrire aux formations avant la date de cl\u00f4ture et exploiter pleinement les notifications d\u2019iProf pour \u00e9viter les occasions manqu\u00e9es.<\/p>\n\n<figure class=\"wp-block-table\"><table>\n<thead>\n<tr>\n<th>Fonctionnalit\u00e9 iProf<\/th>\n<th>Avantages<\/th>\n<th>Application concr\u00e8te<\/th>\n<\/tr>\n<\/thead>\n<tbody>\n<tr>\n<td>Consultation du dossier administratif<\/td>\n<td>Suivi instantan\u00e9 et transparent<\/td>\n<td>V\u00e9rification de l\u2019\u00e9chelon et anciennet\u00e9<\/td>\n<\/tr>\n<tr>\n<td>Gestion des mutations<\/td>\n<td>Processus en ligne simplifi\u00e9 et rapide<\/td>\n<td>D\u00e9poser ses v\u0153ux et suivre les r\u00e9sultats<\/td>\n<\/tr>\n<tr>\n<td>Formations et stages<\/td>\n<td>Inscription en ligne et valorisation du dossier<\/td>\n<td>Participation \u00e0 des modules certifiants<\/td>\n<\/tr>\n<\/tbody>\n<\/table><\/figure>\n\n<script type=\"application\/ld+json\">\n{\"@context\":\"https:\/\/schema.org\",\"@type\":\"FAQPage\",\"mainEntity\":[{\"@type\":\"Question\",\"name\":\"Comment accu00e9der en toute su00e9curitu00e9 u00e0 iProf Versailles ?\",\"acceptedAnswer\":{\"@type\":\"Answer\",\"text\":\"Utilisez uniquement lu2019URL officielle https:\/\/bv.ac-versailles.fr\/iprof\/ServletIprof, conservez vos identifiants personnels et activez lu2019authentification u00e0 deux facteurs pour renforcer la su00e9curitu00e9.\"}},{\"@type\":\"Question\",\"name\":\"Que faire en cas du2019oubli de mot de passe ?\",\"acceptedAnswer\":{\"@type\":\"Answer\",\"text\":\"Contactez le portail Macadam pour ru00e9initialiser votre mot de passe ou appelez lu2019assistance iProf au 08 20 36 36 36 pour obtenir de lu2019aide.\"}},{\"@type\":\"Question\",\"name\":\"Puis-je utiliser iProf pour suivre mes formations ?\",\"acceptedAnswer\":{\"@type\":\"Answer\",\"text\":\"Oui, iProf Versailles offre un accu00e8s au catalogue de formations, permet lu2019inscription en ligne et garde un historique consultable de toutes vos activitu00e9s de formation continue.\"}},{\"@type\":\"Question\",\"name\":\"Faut-il utiliser Colibris u00e0 la place de iProf ?\",\"acceptedAnswer\":{\"@type\":\"Answer\",\"text\":\"Non, iProf reste indispensable pour la gestion administrative classique tandis que Colibris est du00e9diu00e9 aux demandes spu00e9cifiques comme les du00e9tachements ou recours.\"}},{\"@type\":\"Question\",\"name\":\"Comment optimiser ses chances de mutation via iProf ?\",\"acceptedAnswer\":{\"@type\":\"Answer\",\"text\":\"Tenez votre CV acadu00e9mique u00e0 jour, consultez ru00e9guliu00e8rement les postes disponibles, respectez scrupuleusement les du00e9lais et utilisez le calculateur automatique de baru00e8me fourni par la plateforme.\"}}]}\n<\/script>\n<h3>Comment acc\u00e9der en toute s\u00e9curit\u00e9 \u00e0 iProf Versailles ?<\/h3>\n<p>Utilisez uniquement l\u2019URL officielle https:\/\/bv.ac-versailles.fr\/iprof\/ServletIprof, conservez vos identifiants personnels et activez l\u2019authentification \u00e0 deux facteurs pour renforcer la s\u00e9curit\u00e9.<\/p>\n<h3>Que faire en cas d\u2019oubli de mot de passe ?<\/h3>\n<p>Contactez le portail Macadam pour r\u00e9initialiser votre mot de passe ou appelez l\u2019assistance iProf au 08 20 36 36 36 pour obtenir de l\u2019aide.<\/p>\n<h3>Puis-je utiliser iProf pour suivre mes formations ?<\/h3>\n<p>Oui, iProf Versailles offre un acc\u00e8s au catalogue de formations, permet l\u2019inscription en ligne et garde un historique consultable de toutes vos activit\u00e9s de formation continue.<\/p>\n<h3>Faut-il utiliser Colibris \u00e0 la place de iProf ?<\/h3>\n<p>Non, iProf reste indispensable pour la gestion administrative classique tandis que Colibris est d\u00e9di\u00e9 aux demandes sp\u00e9cifiques comme les d\u00e9tachements ou recours.<\/p>\n<h3>Comment optimiser ses chances de mutation via iProf ?<\/h3>\n<p>Tenez votre CV acad\u00e9mique \u00e0 jour, consultez r\u00e9guli\u00e8rement les postes disponibles, respectez scrupuleusement les d\u00e9lais et utilisez le calculateur automatique de bar\u00e8me fourni par la plateforme.<\/p>\n\n","protected":false},"excerpt":{"rendered":"<p>Dans le monde bouillonnant de l\u2019\u00e9ducation, o\u00f9 les dossiers restent souvent bloqu\u00e9s dans la paperasse administrative et o\u00f9 la gestion de carri\u00e8re ressemblait jadis \u00e0 une qu\u00eate \u00e9pique, iProf Versailles d\u00e9barque comme un h\u00e9ros num\u00e9rique inattendu. Ce portail, sp\u00e9cialement con\u00e7u pour les enseignants de l\u2019acad\u00e9mie de Versailles, centralise enfin les informations et simplifie largement la &#8230; <a title=\"Utiliser versailles iprof pour optimiser la gestion de votre carri\u00e8re \u00e9ducative\" class=\"read-more\" href=\"https:\/\/decagone-prevoyance.fr\/blog\/utiliser-versailles-iprof-pour-optimiser-la-gestion-de-votre-carriere-educative-241\" aria-label=\"En savoir plus sur Utiliser versailles iprof pour optimiser la gestion de votre carri\u00e8re \u00e9ducative\">Lire la suite<\/a><\/p>\n","protected":false},"author":4,"featured_media":238,"comment_status":"open","ping_status":"open","sticky":false,"template":"","format":"standard","meta":{"_crdt_document":"","footnotes":""},"categories":[1],"tags":[],"class_list":["post-241","post","type-post","status-publish","format-standard","has-post-thumbnail","hentry","category-actus"],"_links":{"self":[{"href":"https:\/\/decagone-prevoyance.fr\/blog\/wp-json\/wp\/v2\/posts\/241","targetHints":{"allow":["GET"]}}],"collection":[{"href":"https:\/\/decagone-prevoyance.fr\/blog\/wp-json\/wp\/v2\/posts"}],"about":[{"href":"https:\/\/decagone-prevoyance.fr\/blog\/wp-json\/wp\/v2\/types\/post"}],"author":[{"embeddable":true,"href":"https:\/\/decagone-prevoyance.fr\/blog\/wp-json\/wp\/v2\/users\/4"}],"replies":[{"embeddable":true,"href":"https:\/\/decagone-prevoyance.fr\/blog\/wp-json\/wp\/v2\/comments?post=241"}],"version-history":[{"count":0,"href":"https:\/\/decagone-prevoyance.fr\/blog\/wp-json\/wp\/v2\/posts\/241\/revisions"}],"wp:featuredmedia":[{"embeddable":true,"href":"https:\/\/decagone-prevoyance.fr\/blog\/wp-json\/wp\/v2\/media\/238"}],"wp:attachment":[{"href":"https:\/\/decagone-prevoyance.fr\/blog\/wp-json\/wp\/v2\/media?parent=241"}],"wp:term":[{"taxonomy":"category","embeddable":true,"href":"https:\/\/decagone-prevoyance.fr\/blog\/wp-json\/wp\/v2\/categories?post=241"},{"taxonomy":"post_tag","embeddable":true,"href":"https:\/\/decagone-prevoyance.fr\/blog\/wp-json\/wp\/v2\/tags?post=241"}],"curies":[{"name":"wp","href":"https:\/\/api.w.org\/{rel}","templated":true}]}}