{"id":250,"date":"2026-03-13T21:24:07","date_gmt":"2026-03-13T21:24:07","guid":{"rendered":"https:\/\/decagone-prevoyance.fr\/blog\/tout-savoir-sur-iprof-versailles-et-ses-fonctionnalites-pour-les-enseignants-250"},"modified":"2026-03-13T21:24:07","modified_gmt":"2026-03-13T21:24:07","slug":"tout-savoir-sur-iprof-versailles-et-ses-fonctionnalites-pour-les-enseignants","status":"publish","type":"post","link":"https:\/\/decagone-prevoyance.fr\/blog\/tout-savoir-sur-iprof-versailles-et-ses-fonctionnalites-pour-les-enseignants-250","title":{"rendered":"Tout savoir sur iprof versailles et ses fonctionnalit\u00e9s pour les enseignants"},"content":{"rendered":"<p class=\"wp-block-paragraph\">Dans le paysage dynamique de l\u2019\u00e9ducation en r\u00e9gion parisienne, la plateforme <strong>iProf Versailles<\/strong> s\u2019impose comme un outil incontournable pour les enseignants de l\u2019acad\u00e9mie. Depuis sa cr\u00e9ation, ce portail num\u00e9rique centralise non seulement les d\u00e9marches administratives, mais offre aussi des ressources p\u00e9dagogiques cruciales pour un suivi p\u00e9dagogique efficace. Cet espace digital, constamment mis \u00e0 jour pour s\u2019adapter aux exigences du m\u00e9tier enseignant, ambitionne de simplifier les interactions avec l\u2019administration tout en donnant les moyens d\u2019une gestion autonome de sa carri\u00e8re. Les fonctionnalit\u00e9s propos\u00e9es par iProf Versailles couvrent ainsi un spectre large, allant de la consultation des dossiers personnels aux outils d\u2019\u00e9valuation et de formation, en passant par une communication fluide avec les gestionnaires acad\u00e9miques. Dans un contexte o\u00f9 les mutations, les promotions et les formations sont des moments cl\u00e9s de la vie professionnelle, iProf Versailles agit comme un levier organisationnel qui \u00e9vite les lourdeurs habituelles.<\/p>\n\n<p class=\"wp-block-paragraph\">En 2026, la transition vers le num\u00e9rique dans le domaine \u00e9ducatif ne laisse plus place \u00e0 l\u2019approximation. L\u2019acad\u00e9mie de Versailles, en int\u00e9grant pleinement iProf dans ses processus, permet aux enseignants d\u2019avoir une vue compl\u00e8te et actualis\u00e9e de leur parcours. L\u2019utilisation de cette plateforme ne se limite pas \u00e0 la simple gestion des informations : elle cristallise aussi de nouvelles m\u00e9thodes d\u2019\u00e9change, de transmission de savoir et d\u2019innovation p\u00e9dagogique. iProf se r\u00e9v\u00e8le ainsi un partenaire essentiel dans une carri\u00e8re o\u00f9 le temps est compt\u00e9 et o\u00f9 les attentes sont nombreuses. Mieux ma\u00eetriser son espace personnel, comprendre la compl\u00e9mentarit\u00e9 avec d\u2019autres outils comme ARENA ou Colibris, et exploiter les fonctionnalit\u00e9s \u00e0 leur plein potentiel sont autant d\u2019enjeux pour accompagner efficacement chaque professionnel de l\u2019\u00e9ducation.<\/p>\n\n<p class=\"wp-block-paragraph\">La familiarit\u00e9 avec iProf Versailles n\u2019est plus un luxe mais une n\u00e9cessit\u00e9 pour naviguer avec aisance dans un environnement administratif parfois kafka\u00efen. Cette plateforme, bien qu\u2019imposante, a \u00e9t\u00e9 con\u00e7ue pour \u00eatre intuitive, favorisant un usage r\u00e9gulier et s\u00e9curis\u00e9. Il est crucial pour les enseignants de s\u2019approprier cet outil, et ce guide d\u00e9taill\u00e9 met en lumi\u00e8re les multiples facettes d\u2019iProf Versailles, de ses modalit\u00e9s d\u2019acc\u00e8s aux pr\u00e9cautions indispensables pour la s\u00e9curit\u00e9 des donn\u00e9es, en passant par les fonctionnalit\u00e9s cl\u00e9s qui font toute la diff\u00e9rence dans la gestion de leur carri\u00e8re et l\u2019enrichissement de leur pratique p\u00e9dagogique.<\/p>\n\n<p class=\"wp-block-paragraph\"><strong>En bref :<\/strong><\/p>\n\n<ul class=\"wp-block-list\"><li><strong>iProf Versailles<\/strong> est la plateforme officielle de l\u2019acad\u00e9mie destin\u00e9e \u00e0 la gestion de la carri\u00e8re et des dossiers administratifs des enseignants.<\/li><li>Elle offre un acc\u00e8s s\u00e9curis\u00e9 via identifiants acad\u00e9miques, avec des options de connexion par ARENA et Colibris pour une plus grande flexibilit\u00e9.<\/li><li>Les enseignants peuvent g\u00e9rer leurs mutations, suivre leur progression, mettre \u00e0 jour leur CV num\u00e9rique, et acc\u00e9der \u00e0 des ressources p\u00e9dagogiques vari\u00e9es.<\/li><li>Un support technique est disponible, notamment via la messagerie Arena, pour r\u00e9soudre les difficult\u00e9s li\u00e9es \u00e0 l\u2019acc\u00e8s ou \u00e0 l\u2019utilisation.<\/li><li>La compl\u00e9mentarit\u00e9 avec d\u2019autres plateformes comme ARENA et Colibris permet une gestion coh\u00e9rente des d\u00e9marches administratives et p\u00e9dagogiques.<\/li><\/ul>\n\n<div id=\"ez-toc-container\" class=\"ez-toc-v2_0_81 counter-hierarchy ez-toc-counter ez-toc-transparent ez-toc-container-direction\">\n<div class=\"ez-toc-title-container\">\n<p class=\"ez-toc-title\" style=\"cursor:inherit\">Table of Contents<\/p>\n<span class=\"ez-toc-title-toggle\"><a href=\"#\" class=\"ez-toc-pull-right ez-toc-btn ez-toc-btn-xs ez-toc-btn-default ez-toc-toggle\" aria-label=\"Toggle Table of Content\"><span class=\"ez-toc-js-icon-con\"><span class=\"\"><span class=\"eztoc-hide\" style=\"display:none;\">Toggle<\/span><span class=\"ez-toc-icon-toggle-span\"><svg style=\"fill: #999;color:#999\" xmlns=\"http:\/\/www.w3.org\/2000\/svg\" class=\"list-377408\" width=\"20px\" height=\"20px\" viewBox=\"0 0 24 24\" fill=\"none\"><path d=\"M6 6H4v2h2V6zm14 0H8v2h12V6zM4 11h2v2H4v-2zm16 0H8v2h12v-2zM4 16h2v2H4v-2zm16 0H8v2h12v-2z\" fill=\"currentColor\"><\/path><\/svg><svg style=\"fill: #999;color:#999\" class=\"arrow-unsorted-368013\" xmlns=\"http:\/\/www.w3.org\/2000\/svg\" width=\"10px\" height=\"10px\" viewBox=\"0 0 24 24\" version=\"1.2\" baseProfile=\"tiny\"><path d=\"M18.2 9.3l-6.2-6.3-6.2 6.3c-.2.2-.3.4-.3.7s.1.5.3.7c.2.2.4.3.7.3h11c.3 0 .5-.1.7-.3.2-.2.3-.5.3-.7s-.1-.5-.3-.7zM5.8 14.7l6.2 6.3 6.2-6.3c.2-.2.3-.5.3-.7s-.1-.5-.3-.7c-.2-.2-.4-.3-.7-.3h-11c-.3 0-.5.1-.7.3-.2.2-.3.5-.3.7s.1.5.3.7z\"\/><\/svg><\/span><\/span><\/span><\/a><\/span><\/div>\n<nav><ul class='ez-toc-list ez-toc-list-level-1 ' ><li class='ez-toc-page-1 ez-toc-heading-level-2'><a class=\"ez-toc-link ez-toc-heading-1\" href=\"https:\/\/decagone-prevoyance.fr\/blog\/tout-savoir-sur-iprof-versailles-et-ses-fonctionnalites-pour-les-enseignants-250\/#Acceder_a_iProf_Versailles_modes_de_connexion_et_securite_renforcee_pour_les_enseignants\" >Acc\u00e9der \u00e0 iProf Versailles : modes de connexion et s\u00e9curit\u00e9 renforc\u00e9e pour les enseignants<\/a><\/li><li class='ez-toc-page-1 ez-toc-heading-level-2'><a class=\"ez-toc-link ez-toc-heading-2\" href=\"https:\/\/decagone-prevoyance.fr\/blog\/tout-savoir-sur-iprof-versailles-et-ses-fonctionnalites-pour-les-enseignants-250\/#Fonctionnalites_principales_diProf_Versailles_un_levier_pour_la_gestion_de_carriere_et_le_developpement_pedagogique\" >Fonctionnalit\u00e9s principales d\u2019iProf Versailles : un levier pour la gestion de carri\u00e8re et le d\u00e9veloppement p\u00e9dagogique<\/a><\/li><li class='ez-toc-page-1 ez-toc-heading-level-2'><a class=\"ez-toc-link ez-toc-heading-3\" href=\"https:\/\/decagone-prevoyance.fr\/blog\/tout-savoir-sur-iprof-versailles-et-ses-fonctionnalites-pour-les-enseignants-250\/#Resoudre_les_imprevus_assistance_FAQ_et_bonnes_pratiques_pour_utiliser_iProf_Versailles_au_jour_le_jour\" >R\u00e9soudre les impr\u00e9vus : assistance, FAQ et bonnes pratiques pour utiliser iProf Versailles au jour le jour<\/a><\/li><li class='ez-toc-page-1 ez-toc-heading-level-2'><a class=\"ez-toc-link ez-toc-heading-4\" href=\"https:\/\/decagone-prevoyance.fr\/blog\/tout-savoir-sur-iprof-versailles-et-ses-fonctionnalites-pour-les-enseignants-250\/#iProf_Versailles_ARENA_et_Colibris_comprendre_lecosysteme_numerique_pour_un_quotidien_administratif_simplifie\" >iProf Versailles, ARENA et Colibris : comprendre l\u2019\u00e9cosyst\u00e8me num\u00e9rique pour un quotidien administratif simplifi\u00e9<\/a><\/li><\/ul><\/nav><\/div>\n<h2 class=\"wp-block-heading\"><span class=\"ez-toc-section\" id=\"Acceder_a_iProf_Versailles_modes_de_connexion_et_securite_renforcee_pour_les_enseignants\"><\/span>Acc\u00e9der \u00e0 iProf Versailles : modes de connexion et s\u00e9curit\u00e9 renforc\u00e9e pour les enseignants<span class=\"ez-toc-section-end\"><\/span><\/h2>\n\n<p class=\"wp-block-paragraph\">Lorsqu\u2019il s\u2019agit d\u2019acc\u00e9der \u00e0 une plateforme aussi essentielle que <strong>iProf Versailles<\/strong>, la simplicit\u00e9 et la s\u00e9curit\u00e9 de la connexion sont deux imp\u00e9ratifs incontournables. Les enseignants de l\u2019acad\u00e9mie disposent de plusieurs options pour se connecter \u00e0 leur espace personnel, et la ma\u00eetrise de ces acc\u00e8s est souvent le premier pas vers une gestion administrative fluide. Le parcours classique commence g\u00e9n\u00e9ralement par le portail acad\u00e9mique officiel, accessible \u00e0 l\u2019adresse <a href=\"https:\/\/bv.ac-versailles.fr\/iprof\/ServletIprof\" target=\"_blank\" rel=\"noopener\">https:\/\/bv.ac-versailles.fr\/iprof\/ServletIprof<\/a>. Ce point d\u2019entr\u00e9e direct m\u00e8ne \u00e0 une interface o\u00f9 il faut saisir un identifiant personnalis\u00e9, souvent la premi\u00e8re lettre du pr\u00e9nom suivie du nom en minuscules. Le mot de passe initial correspond au NUMEN attribu\u00e9 lors de l\u2019entr\u00e9e dans la fonction publique, qu\u2019il est fortement conseill\u00e9 de modifier d\u00e8s la premi\u00e8re connexion.<\/p>\n\n<p class=\"wp-block-paragraph\">Pour les enseignants qui ma\u00eetrisent l\u2019\u00e9cosyst\u00e8me num\u00e9rique acad\u00e9mique, la plateforme ARENA constitue une porte d\u2019acc\u00e8s alternative, voire compl\u00e9mentaire. Apr\u00e8s authentification sur ARENA, il suffit de se rendre dans la rubrique \u00ab Gestion des personnels \u00bb puis de s\u00e9lectionner \u00ab iProf assistant carri\u00e8re \u00bb pour atterrir dans l\u2019espace iProf. Ce chemin est particuli\u00e8rement utilis\u00e9 lors des p\u00e9riodes de forte affluence lorsque le site direct peut s\u2019av\u00e9rer instable, ou pour mutualiser l\u2019acc\u00e8s \u00e0 d\u2019autres services num\u00e9riques. <\/p>\n\n<p class=\"wp-block-paragraph\">Enfin, Colibris, qui g\u00e8re des d\u00e9marches administratives d\u00e9mat\u00e9rialis\u00e9es, offre un acc\u00e8s partiel au dossier personnel avec des identifiants professionnels du type @ac-versailles.fr. Cette utilisation compl\u00e9mentaire assure une liaison entre les services et am\u00e9liore la visibilit\u00e9 sur l\u2019ensemble des obligations administratives. Mais au-del\u00e0 des chemins d\u2019acc\u00e8s, la s\u00e9curit\u00e9 de connexion est primordiale. La plateforme applique des protocoles chiffr\u00e9s conformes au RGPD, garantissant la confidentialit\u00e9 des donn\u00e9es. Les enseignants sont aussi invit\u00e9s \u00e0 privil\u00e9gier l\u2019usage d\u2019\u00e9quipements personnels et de r\u00e9seaux prot\u00e9g\u00e9s, \u00e9vitant ainsi les risques de piratage ou d\u2019usurpation d\u2019identit\u00e9.<\/p>\n\n<p class=\"wp-block-paragraph\">On imagine facilement le d\u00e9sarroi d\u2019un enseignant, fra\u00eechement arriv\u00e9 dans l\u2019acad\u00e9mie, qui se retrouverait bloqu\u00e9 la veille d\u2019une campagne de mutation, \u00e0 cause d\u2019un identifiant mal utilis\u00e9 ou d\u2019un mot de passe non chang\u00e9. C\u2019est pourquoi une bonne connaissance des proc\u00e9dures de connexion fait partie des pr\u00e9requis indispensables. D\u2019ailleurs, il est possible de r\u00e9initialiser son mot de passe via une fonctionnalit\u00e9 d\u00e9di\u00e9e en cas d\u2019oubli, et un service d\u2019assistance reste disponible pour r\u00e9gler les incidents techniques. Savoir jongler avec ces outils num\u00e9riques, c\u2019est \u00e9viter les retards administratifs et gagner en s\u00e9r\u00e9nit\u00e9 au quotidien.<\/p>\n\n<figure class=\"wp-block-image size-full\"><img decoding=\"async\" width=\"1536\" height=\"1024\" src=\"https:\/\/decagone-prevoyance.fr\/blog\/wp-content\/uploads\/2026\/03\/Tout-savoir-sur-iprof-versailles-et-ses-fonctionnalites-pour-les-enseignants-1.jpg\" alt=\"d\u00e9couvrez tout sur iprof versailles et ses fonctionnalit\u00e9s d\u00e9di\u00e9es aux enseignants pour faciliter la gestion p\u00e9dagogique et administrative.\" class=\"wp-image-248\" srcset=\"https:\/\/decagone-prevoyance.fr\/blog\/wp-content\/uploads\/2026\/03\/Tout-savoir-sur-iprof-versailles-et-ses-fonctionnalites-pour-les-enseignants-1.jpg 1536w, https:\/\/decagone-prevoyance.fr\/blog\/wp-content\/uploads\/2026\/03\/Tout-savoir-sur-iprof-versailles-et-ses-fonctionnalites-pour-les-enseignants-1-300x200.jpg 300w, https:\/\/decagone-prevoyance.fr\/blog\/wp-content\/uploads\/2026\/03\/Tout-savoir-sur-iprof-versailles-et-ses-fonctionnalites-pour-les-enseignants-1-1024x683.jpg 1024w, https:\/\/decagone-prevoyance.fr\/blog\/wp-content\/uploads\/2026\/03\/Tout-savoir-sur-iprof-versailles-et-ses-fonctionnalites-pour-les-enseignants-1-768x512.jpg 768w\" sizes=\"(max-width: 1536px) 100vw, 1536px\" \/><\/figure>\n\n<h2 class=\"wp-block-heading\"><span class=\"ez-toc-section\" id=\"Fonctionnalites_principales_diProf_Versailles_un_levier_pour_la_gestion_de_carriere_et_le_developpement_pedagogique\"><\/span>Fonctionnalit\u00e9s principales d\u2019iProf Versailles : un levier pour la gestion de carri\u00e8re et le d\u00e9veloppement p\u00e9dagogique<span class=\"ez-toc-section-end\"><\/span><\/h2>\n\n<p class=\"wp-block-paragraph\">Au-del\u00e0 de son r\u00f4le basique de guichet administratif, <strong>iProf Versailles<\/strong> veut s\u2019imposer comme un v\u00e9ritable centre n\u00e9vralgique pour les enseignants d\u00e9sireux de ma\u00eetriser leur parcours professionnel. Les fonctionnalit\u00e9s offertes couvrent un large spectre, int\u00e9grant \u00e0 la fois la gestion du dossier administratif et un volet p\u00e9dagogique indispensable dans le contexte actuel.<\/p>\n\n<p class=\"wp-block-paragraph\">Tout d\u2019abord, iProf permet la consultation et la mise \u00e0 jour continue du dossier administratif : \u00e9tat civil, anciennet\u00e9, \u00e9chelon, affectation, dipl\u00f4mes ou encore missions compl\u00e9mentaires. Cette centralisation \u00e9vite la fastidieuse multiplication des d\u00e9marches dispers\u00e9es et r\u00e9duit les risques d\u2019erreur ou d\u2019oubli. Par exemple, un enseignant qui souhaite valoriser une formation suivie \u00e0 l\u2019ext\u00e9rieur pourra simplement ajouter son nouveau dipl\u00f4me dans son CV num\u00e9rique en quelques clics, augmentant ainsi ses chances dans une future campagne de mutation.<\/p>\n\n<p class=\"wp-block-paragraph\">Par ailleurs, le suivi des mutations est un autre point fort de la plateforme : les demandes, qu\u2019elles soient intra- ou inter-acad\u00e9miques, sont g\u00e9r\u00e9es directement via iProf dans le respect des calendriers r\u00e9glementaires. L\u2019affichage des r\u00e9sultats, les listes d\u2019admissibilit\u00e9 ou les convocations pour entretiens se font aussi en ligne, ce qui limite grandement le stress li\u00e9 \u00e0 l\u2019incertitude des processus. Les notifications automatiques jouent ici un r\u00f4le cl\u00e9, assurant que personne ne rate une date importante.<\/p>\n\n<p class=\"wp-block-paragraph\">En mati\u00e8re p\u00e9dagogique, la plateforme n\u2019est pas en reste. Elle int\u00e8gre des outils comme \u00c9l\u00e9a ou Quizini\u00e8re, qui facilitent la mise en place de cours \u00e0 distance ou d\u2019\u00e9valuations adapt\u00e9es aux besoins de chaque classe. Ces ressources int\u00e9gr\u00e9es au site permettent d\u2019optimiser le temps de pr\u00e9paration et d\u2019enrichir l\u2019engagement des \u00e9l\u00e8ves, th\u00e8mes incontournables dans l\u2019\u00e9ducation moderne. Les enseignants peuvent ainsi cr\u00e9er des parcours personnalis\u00e9s, suivre les r\u00e9sultats via des tableaux de bord et adapter leurs strat\u00e9gies en temps r\u00e9el.<\/p>\n\n<p class=\"wp-block-paragraph\">L\u2019acc\u00e8s aux notes de service, aux circulaires et aux guides acad\u00e9miques dans un espace d\u00e9di\u00e9 contribue aussi \u00e0 garder un fil sur les normes sans perdre des heures \u00e0 chercher les documents dispers\u00e9s. Bref, iProf Versailles donne enfin \u00e0 l\u2019enseignant le sentiment de poss\u00e9der un tableau de bord 360 degr\u00e9s, m\u00ealant avec efficacit\u00e9 gestion, p\u00e9dagogie et communication.<\/p>\n\n<h2 class=\"wp-block-heading\"><span class=\"ez-toc-section\" id=\"Resoudre_les_imprevus_assistance_FAQ_et_bonnes_pratiques_pour_utiliser_iProf_Versailles_au_jour_le_jour\"><\/span>R\u00e9soudre les impr\u00e9vus : assistance, FAQ et bonnes pratiques pour utiliser iProf Versailles au jour le jour<span class=\"ez-toc-section-end\"><\/span><\/h2>\n\n<p class=\"wp-block-paragraph\">Rien n\u2019\u00e9nerve plus un enseignant que de ne pas pouvoir acc\u00e9der \u00e0 une plateforme quand le temps presse. Et mieux vaut \u00eatre pr\u00e9par\u00e9 \u00e0 ces situations que l\u2019on conna\u00eet tous. Heureusement, iProf Versailles dispose d\u2019un dispositif de support technique performant, accessible notamment via la messagerie professionnelle Arena. Que ce soit pour un oubli de mot de passe, une erreur de connexion, ou un probl\u00e8me d\u2019affichage, l\u2019assistance r\u00e9pond rapidement, g\u00e9n\u00e9ralement sous 24 \u00e0 48 heures.<\/p>\n\n<p class=\"wp-block-paragraph\">Un exemple souvent rapport\u00e9 concerne la fonction de r\u00e9initialisation qui se trouve sous \u00ab\u00a0motdepasseoubli\u00e9\u00a0\u00bb sur la page de connexion. Cette sauvegarde permet de recouvrer son acc\u00e8s sans d\u00e9marche excessive. Parfois, il suffit aussi de varier les navigateurs ou de vider le cache pour r\u00e9gler les probl\u00e8mes d\u2019affichage ou de session. Rien de bien sorcier, mais il faut y penser, cela \u00e9vite bien des appels inutiles.<\/p>\n\n<p class=\"wp-block-paragraph\">Par ailleurs, une consultation r\u00e9guli\u00e8re des tutoriels et guides mis \u00e0 disposition par le rectorat est une bonne habitude. Ces documents, parfois n\u00e9glig\u00e9s, sont pourtant de pr\u00e9cieux alli\u00e9s pour mieux comprendre toutes les subtilit\u00e9s du portail. En \u00e9voquant la s\u00e9curit\u00e9, rappelons que la pratique de bonnes habitudes informatiques s\u00e9curise le compte : d\u00e9connexion syst\u00e9matique, mot de passe complexe, et attention \u00e0 ne pas divulguer ses identifiants. Cela limite largement les risques de compromission de donn\u00e9es sensibles.<\/p>\n\n<p class=\"wp-block-paragraph\">En r\u00e9sum\u00e9, une utilisation optimale de la plateforme demande rigueur et m\u00e9thode, mais aussi une certaine anticipation. En programmant des sessions de v\u00e9rification bimensuelles de son dossier, les enseignants peuvent \u00e9viter les d\u00e9convenues et garder un pas d\u2019avance sur les \u00e9ch\u00e9ances. Ce simple r\u00e9flexe garantit \u00e9galement une meilleure organisation et moins de stress, surtout lors des p\u00e9riodes de mutation ou d\u2019\u00e9valuation.<\/p>\n\n<figure class=\"wp-block-image size-full\"><img decoding=\"async\" width=\"1536\" height=\"1024\" src=\"https:\/\/decagone-prevoyance.fr\/blog\/wp-content\/uploads\/2026\/03\/Tout-savoir-sur-iprof-versailles-et-ses-fonctionnalites-pour-les-enseignants-2.jpg\" alt=\"d\u00e9couvrez tout ce qu&#039;il faut savoir sur iprof versailles et ses fonctionnalit\u00e9s d\u00e9di\u00e9es aux enseignants pour faciliter leur quotidien et optimiser la gestion p\u00e9dagogique.\" class=\"wp-image-249\" srcset=\"https:\/\/decagone-prevoyance.fr\/blog\/wp-content\/uploads\/2026\/03\/Tout-savoir-sur-iprof-versailles-et-ses-fonctionnalites-pour-les-enseignants-2.jpg 1536w, https:\/\/decagone-prevoyance.fr\/blog\/wp-content\/uploads\/2026\/03\/Tout-savoir-sur-iprof-versailles-et-ses-fonctionnalites-pour-les-enseignants-2-300x200.jpg 300w, https:\/\/decagone-prevoyance.fr\/blog\/wp-content\/uploads\/2026\/03\/Tout-savoir-sur-iprof-versailles-et-ses-fonctionnalites-pour-les-enseignants-2-1024x683.jpg 1024w, https:\/\/decagone-prevoyance.fr\/blog\/wp-content\/uploads\/2026\/03\/Tout-savoir-sur-iprof-versailles-et-ses-fonctionnalites-pour-les-enseignants-2-768x512.jpg 768w\" sizes=\"(max-width: 1536px) 100vw, 1536px\" \/><\/figure>\n\n<h2 class=\"wp-block-heading\"><span class=\"ez-toc-section\" id=\"iProf_Versailles_ARENA_et_Colibris_comprendre_lecosysteme_numerique_pour_un_quotidien_administratif_simplifie\"><\/span>iProf Versailles, ARENA et Colibris : comprendre l\u2019\u00e9cosyst\u00e8me num\u00e9rique pour un quotidien administratif simplifi\u00e9<span class=\"ez-toc-section-end\"><\/span><\/h2>\n\n<p class=\"wp-block-paragraph\">Il serait trop simpliste de consid\u00e9rer iProf Versailles comme une solution isol\u00e9e. En r\u00e9alit\u00e9, ce portail constitue le c\u0153ur d\u2019un \u00e9cosyst\u00e8me num\u00e9rique interconnect\u00e9 qui inclut aussi ARENA et Colibris, chacun apportant ses sp\u00e9cificit\u00e9s pour r\u00e9pondre aux multiples facettes du m\u00e9tier d\u2019enseignant.<\/p>\n\n<p class=\"wp-block-paragraph\">ARENA se positionne comme une passerelle majeure entre diff\u00e9rents services num\u00e9riques. Par cette plateforme, l\u2019utilisateur b\u00e9n\u00e9ficie d\u2019un acc\u00e8s unique, via un syst\u00e8me d\u2019authentification centralis\u00e9, \u00e0 la messagerie professionnelle, aux applications p\u00e9dagogiques, et bien s\u00fbr \u00e0 iProf. L\u2019int\u00e9r\u00eat ici est d\u2019\u00e9viter la multiplication des identifiants et de fournir une interface homog\u00e8ne. ISur ARENA, les enseignants peuvent g\u00e9rer la communication avec l\u2019administration, ce qui est fondamental dans un m\u00e9tier o\u00f9 l\u2019information institutionnelle circule en continu.<\/p>\n\n<p class=\"wp-block-paragraph\">Colibris, quant \u00e0 lui, se concentre sur la d\u00e9mat\u00e9rialisation des d\u00e9marches administratives telles que la demande de cong\u00e9s, les formations, ou encore les attestations. Son int\u00e9gration avec iProf cr\u00e9e un encha\u00eenement logique et fluide des processus, permettant de finaliser des demandes sans changer de portail, renfor\u00e7ant ainsi l\u2019efficacit\u00e9. La compl\u00e9mentarit\u00e9 entre ces trois plateformes est r\u00e9sum\u00e9e dans le tableau ci-dessous :<\/p>\n\n<figure class=\"wp-block-table\"><table>\n<thead>\n<tr>\n<th>Plateforme<\/th>\n<th>Fonction principale<\/th>\n<th>Acc\u00e8s via<\/th>\n<th>Services cl\u00e9s pour l\u2019enseignant<\/th>\n<\/tr>\n<\/thead>\n<tbody>\n<tr>\n<td>iProf Versailles<\/td>\n<td>Gestion de carri\u00e8re et dossier administratif<\/td>\n<td>Portail acad\u00e9mique, ARENA<\/td>\n<td>Mise \u00e0 jour dossiers personnels, demandes de mutation, consultation notes de service<\/td>\n<\/tr>\n<tr>\n<td>ARENA<\/td>\n<td>Portail d\u2019acc\u00e8s multi-services<\/td>\n<td>Site officiel \u00c9ducation nationale<\/td>\n<td>Messagerie professionnelle, acc\u00e8s aux applications p\u00e9dagogiques<\/td>\n<\/tr>\n<tr>\n<td>Colibris<\/td>\n<td>D\u00e9marches administratives d\u00e9mat\u00e9rialis\u00e9es<\/td>\n<td>Portail acad\u00e9mique d\u00e9di\u00e9<\/td>\n<td>Demandes de cong\u00e9s, formations, attestations en ligne<\/td>\n<\/tr>\n<\/tbody>\n<\/table><\/figure>\n\n<p class=\"wp-block-paragraph\">Pour un professeur ou un personnel de l\u2019\u00e9ducation, bien ma\u00eetriser cette orchestration logicielle est synonyme de gain de temps et de r\u00e9duction des erreurs. Il devient possible d\u2019anticiper les \u00e9ch\u00e9ances, d\u2019organiser sa carri\u00e8re et m\u00eame de se concentrer davantage sur la mission premi\u00e8re : l\u2019\u00e9ducation. Ces services conjoints facilitent aussi la collaboration entre coll\u00e8gues et la communication avec l\u2019administration, fluidifiant ainsi un quotidien souvent complexe.<\/p>\n\n<p class=\"wp-block-paragraph\">Enfin, pour approfondir la connaissance et l\u2019optimisation de l\u2019usage de ces outils, il est recommand\u00e9 de consulter des guides sp\u00e9cialis\u00e9s, telle cette ressource d\u00e9di\u00e9e \u00e0 <a href=\"https:\/\/decagone-prevoyance.fr\/blog\/utiliser-versailles-iprof-pour-optimiser-la-gestion-de-votre-carriere-educative-241\">utiliser iProf pour optimiser la gestion de votre carri\u00e8re \u00e9ducative<\/a>. Ces publications offrent des conseils avis\u00e9s issus d\u2019une exp\u00e9rience terrain et permettent d\u2019\u00e9viter bien des \u00e9cueils courants.<\/p>\n\n<script type=\"application\/ld+json\">\n{\"@context\":\"https:\/\/schema.org\",\"@type\":\"FAQPage\",\"mainEntity\":[{\"@type\":\"Question\",\"name\":\"Comment ru00e9cupu00e9rer mon mot de passe iProf en cas du2019oubli ?\",\"acceptedAnswer\":{\"@type\":\"Answer\",\"text\":\"Sur la page de connexion iProf, utilisez la fonction u00ab motdepasseoubliu00e9 u00bb pour initier la procu00e9dure de ru00e9initialisation. Vous recevrez un lien par mail via votre messagerie professionnelle Arena dans un du00e9lai de 24 u00e0 48 heures.\"}},{\"@type\":\"Question\",\"name\":\"Puis-je accu00e9der u00e0 iProf depuis un appareil mobile ?\",\"acceptedAnswer\":{\"@type\":\"Answer\",\"text\":\"Oui, iProf est accessible via un navigateur internet sur smartphone ou tablette. Cependant, lu2019expu00e9rience utilisateur est optimale sur un ordinateur de bureau ou portable, notamment pour la visualisation des documents et la saisie des informations.\"}},{\"@type\":\"Question\",\"name\":\"Que faire si je rencontre un problu00e8me technique persistant sur iProf ?\",\"acceptedAnswer\":{\"@type\":\"Answer\",\"text\":\"Contactez le support technique via la messagerie Arena ou votre DSDEN. Nu2019hu00e9sitez pas u00e0 consulter les tutoriels disponibles en ligne avant de solliciter lu2019assistance, cela vous fera gagner du temps.\"}},{\"@type\":\"Question\",\"name\":\"Quelles sont les principales ressources pu00e9dagogiques accessibles sur iProf Versailles ?\",\"acceptedAnswer\":{\"@type\":\"Answer\",\"text\":\"iProf offre un accu00e8s u00e0 des outils comme u00c9lu00e9a pour le suivi pu00e9dagogique et Quiziniu00e8re pour concevoir des u00e9valuations. Elle intu00e8gre u00e9galement des documents, notes de service, et guides pour soutenir la pratique enseignante.\"}},{\"@type\":\"Question\",\"name\":\"Comment su00e9curiser au mieux mon compte iProf ?\",\"acceptedAnswer\":{\"@type\":\"Answer\",\"text\":\"Il est important de modifier ru00e9guliu00e8rement votre mot de passe, de vous du00e9connecter systu00e9matiquement, surtout sur les postes partagu00e9s, et de ne jamais communiquer vos identifiants u00e0 des tiers.\"}}]}\n<\/script>\n<h3>Comment r\u00e9cup\u00e9rer mon mot de passe iProf en cas d\u2019oubli ?<\/h3>\n<p>Sur la page de connexion iProf, utilisez la fonction \u00ab motdepasseoubli\u00e9 \u00bb pour initier la proc\u00e9dure de r\u00e9initialisation. Vous recevrez un lien par mail via votre messagerie professionnelle Arena dans un d\u00e9lai de 24 \u00e0 48 heures.<\/p>\n<h3>Puis-je acc\u00e9der \u00e0 iProf depuis un appareil mobile ?<\/h3>\n<p>Oui, iProf est accessible via un navigateur internet sur smartphone ou tablette. Cependant, l\u2019exp\u00e9rience utilisateur est optimale sur un ordinateur de bureau ou portable, notamment pour la visualisation des documents et la saisie des informations.<\/p>\n<h3>Que faire si je rencontre un probl\u00e8me technique persistant sur iProf ?<\/h3>\n<p>Contactez le support technique via la messagerie Arena ou votre DSDEN. N\u2019h\u00e9sitez pas \u00e0 consulter les tutoriels disponibles en ligne avant de solliciter l\u2019assistance, cela vous fera gagner du temps.<\/p>\n<h3>Quelles sont les principales ressources p\u00e9dagogiques accessibles sur iProf Versailles ?<\/h3>\n<p>iProf offre un acc\u00e8s \u00e0 des outils comme \u00c9l\u00e9a pour le suivi p\u00e9dagogique et Quizini\u00e8re pour concevoir des \u00e9valuations. Elle int\u00e8gre \u00e9galement des documents, notes de service, et guides pour soutenir la pratique enseignante.<\/p>\n<h3>Comment s\u00e9curiser au mieux mon compte iProf ?<\/h3>\n<p>Il est important de modifier r\u00e9guli\u00e8rement votre mot de passe, de vous d\u00e9connecter syst\u00e9matiquement, surtout sur les postes partag\u00e9s, et de ne jamais communiquer vos identifiants \u00e0 des tiers.<\/p>\n\n","protected":false},"excerpt":{"rendered":"<p>Dans le paysage dynamique de l\u2019\u00e9ducation en r\u00e9gion parisienne, la plateforme iProf Versailles s\u2019impose comme un outil incontournable pour les enseignants de l\u2019acad\u00e9mie. Depuis sa cr\u00e9ation, ce portail num\u00e9rique centralise non seulement les d\u00e9marches administratives, mais offre aussi des ressources p\u00e9dagogiques cruciales pour un suivi p\u00e9dagogique efficace. Cet espace digital, constamment mis \u00e0 jour pour &#8230; <a title=\"Tout savoir sur iprof versailles et ses fonctionnalit\u00e9s pour les enseignants\" class=\"read-more\" href=\"https:\/\/decagone-prevoyance.fr\/blog\/tout-savoir-sur-iprof-versailles-et-ses-fonctionnalites-pour-les-enseignants-250\" aria-label=\"En savoir plus sur Tout savoir sur iprof versailles et ses fonctionnalit\u00e9s pour les enseignants\">Lire la suite<\/a><\/p>\n","protected":false},"author":4,"featured_media":247,"comment_status":"open","ping_status":"open","sticky":false,"template":"","format":"standard","meta":{"_crdt_document":"","footnotes":""},"categories":[1],"tags":[],"class_list":["post-250","post","type-post","status-publish","format-standard","has-post-thumbnail","hentry","category-actus"],"_links":{"self":[{"href":"https:\/\/decagone-prevoyance.fr\/blog\/wp-json\/wp\/v2\/posts\/250","targetHints":{"allow":["GET"]}}],"collection":[{"href":"https:\/\/decagone-prevoyance.fr\/blog\/wp-json\/wp\/v2\/posts"}],"about":[{"href":"https:\/\/decagone-prevoyance.fr\/blog\/wp-json\/wp\/v2\/types\/post"}],"author":[{"embeddable":true,"href":"https:\/\/decagone-prevoyance.fr\/blog\/wp-json\/wp\/v2\/users\/4"}],"replies":[{"embeddable":true,"href":"https:\/\/decagone-prevoyance.fr\/blog\/wp-json\/wp\/v2\/comments?post=250"}],"version-history":[{"count":0,"href":"https:\/\/decagone-prevoyance.fr\/blog\/wp-json\/wp\/v2\/posts\/250\/revisions"}],"wp:featuredmedia":[{"embeddable":true,"href":"https:\/\/decagone-prevoyance.fr\/blog\/wp-json\/wp\/v2\/media\/247"}],"wp:attachment":[{"href":"https:\/\/decagone-prevoyance.fr\/blog\/wp-json\/wp\/v2\/media?parent=250"}],"wp:term":[{"taxonomy":"category","embeddable":true,"href":"https:\/\/decagone-prevoyance.fr\/blog\/wp-json\/wp\/v2\/categories?post=250"},{"taxonomy":"post_tag","embeddable":true,"href":"https:\/\/decagone-prevoyance.fr\/blog\/wp-json\/wp\/v2\/tags?post=250"}],"curies":[{"name":"wp","href":"https:\/\/api.w.org\/{rel}","templated":true}]}}