{"id":278,"date":"2026-03-13T21:32:25","date_gmt":"2026-03-13T21:32:25","guid":{"rendered":"https:\/\/decagone-prevoyance.fr\/blog\/prevoyance-arret-maladie-combien-de-temps-dure-la-protection-et-comment-en-beneficier-278"},"modified":"2026-03-13T21:32:25","modified_gmt":"2026-03-13T21:32:25","slug":"prevoyance-arret-maladie-combien-de-temps-dure-la-protection-et-comment-en-beneficier","status":"publish","type":"post","link":"https:\/\/decagone-prevoyance.fr\/blog\/prevoyance-arret-maladie-combien-de-temps-dure-la-protection-et-comment-en-beneficier-278","title":{"rendered":"Pr\u00e9voyance arr\u00eat maladie : combien de temps dure la protection et comment en b\u00e9n\u00e9ficier"},"content":{"rendered":"<p class=\"wp-block-paragraph\">Lorsqu\u2019un salari\u00e9 fait face \u00e0 un arr\u00eat maladie, la question de sa protection financi\u00e8re devient rapidement centrale. En effet, l\u2019arr\u00eat de travail engendre une interruption temporaire de la r\u00e9mun\u00e9ration, mettant en lumi\u00e8re la n\u00e9cessit\u00e9 d\u2019un syst\u00e8me efficace de pr\u00e9voyance pour compl\u00e9ter les indemnit\u00e9s vers\u00e9es par la S\u00e9curit\u00e9 sociale. Selon les \u00e9volutions r\u00e9centes, le cumul entre les indemnit\u00e9s journali\u00e8res, le maintien de salaire de l\u2019employeur et la garantie pr\u00e9voyance collective vise \u00e0 pr\u00e9server, autant que possible, le niveau de vie du salari\u00e9 durant cette p\u00e9riode d\u00e9licate.<\/p>\n\n<p class=\"wp-block-paragraph\">En 2026, la prise en charge en cas d\u2019arr\u00eat maladie s\u2019appuie sur une stratification bien d\u00e9finie, privil\u00e9giant un \u00e9quilibre entre obligations l\u00e9gales, conventions collectives et choix contractuels. Souscription obligatoire dans certains secteurs, optionnelle dans d\u2019autres, la pr\u00e9voyance corporationnelle reste une cl\u00e9 essentielle pour b\u00e9n\u00e9ficier d\u2019indemnit\u00e9s compl\u00e8tes. Pour le salari\u00e9, conna\u00eetre ses droits, respecter les d\u00e9marches administratives et comprendre la dur\u00e9e de la protection disponible sont des savoir-faire indispensables pour traverser un cong\u00e9 maladie avec s\u00e9r\u00e9nit\u00e9.<\/p>\n\n<ul class=\"wp-block-list\"><li><strong>La pr\u00e9voyance arr\u00eat maladie compl\u00e8te les indemnit\u00e9s de la S\u00e9curit\u00e9 sociale<\/strong>, assurant un revenu proche du salaire initial.<\/li><li><strong>Le maintien de salaire par l\u2019employeur varie selon l\u2019anciennet\u00e9 et la dur\u00e9e de l\u2019arr\u00eat<\/strong>.<\/li><li><strong>La dur\u00e9e de la protection par la pr\u00e9voyance collective peut atteindre plusieurs mois \u00e0 plusieurs ann\u00e9es selon le contrat.<\/strong><\/li><li><strong>Les d\u00e9marches administratives sont cruciales : d\u00e9claration rapide, transmission des documents et suivi rigoureux.<\/strong><\/li><li><strong>La loi et les conventions collectives encadrent les obligations des employeurs et salari\u00e9s lors d\u2019un arr\u00eat maladie.<\/strong><\/li><\/ul>\n\n<div id=\"ez-toc-container\" class=\"ez-toc-v2_0_81 counter-hierarchy ez-toc-counter ez-toc-transparent ez-toc-container-direction\">\n<div class=\"ez-toc-title-container\">\n<p class=\"ez-toc-title\" style=\"cursor:inherit\">Table of Contents<\/p>\n<span class=\"ez-toc-title-toggle\"><a href=\"#\" class=\"ez-toc-pull-right ez-toc-btn ez-toc-btn-xs ez-toc-btn-default ez-toc-toggle\" aria-label=\"Toggle Table of Content\"><span class=\"ez-toc-js-icon-con\"><span class=\"\"><span class=\"eztoc-hide\" style=\"display:none;\">Toggle<\/span><span class=\"ez-toc-icon-toggle-span\"><svg style=\"fill: #999;color:#999\" xmlns=\"http:\/\/www.w3.org\/2000\/svg\" class=\"list-377408\" width=\"20px\" height=\"20px\" viewBox=\"0 0 24 24\" fill=\"none\"><path d=\"M6 6H4v2h2V6zm14 0H8v2h12V6zM4 11h2v2H4v-2zm16 0H8v2h12v-2zM4 16h2v2H4v-2zm16 0H8v2h12v-2z\" fill=\"currentColor\"><\/path><\/svg><svg style=\"fill: #999;color:#999\" class=\"arrow-unsorted-368013\" xmlns=\"http:\/\/www.w3.org\/2000\/svg\" width=\"10px\" height=\"10px\" viewBox=\"0 0 24 24\" version=\"1.2\" baseProfile=\"tiny\"><path d=\"M18.2 9.3l-6.2-6.3-6.2 6.3c-.2.2-.3.4-.3.7s.1.5.3.7c.2.2.4.3.7.3h11c.3 0 .5-.1.7-.3.2-.2.3-.5.3-.7s-.1-.5-.3-.7zM5.8 14.7l6.2 6.3 6.2-6.3c.2-.2.3-.5.3-.7s-.1-.5-.3-.7c-.2-.2-.4-.3-.7-.3h-11c-.3 0-.5.1-.7.3-.2.2-.3.5-.3.7s.1.5.3.7z\"\/><\/svg><\/span><\/span><\/span><\/a><\/span><\/div>\n<nav><ul class='ez-toc-list ez-toc-list-level-1 ' ><li class='ez-toc-page-1 ez-toc-heading-level-2'><a class=\"ez-toc-link ez-toc-heading-1\" href=\"https:\/\/decagone-prevoyance.fr\/blog\/prevoyance-arret-maladie-combien-de-temps-dure-la-protection-et-comment-en-beneficier-278\/#Duree_de_la_prevoyance_arret_maladie_comprendre_les_limites_et_les_garanties\" >Dur\u00e9e de la pr\u00e9voyance arr\u00eat maladie : comprendre les limites et les garanties<\/a><\/li><li class='ez-toc-page-1 ez-toc-heading-level-2'><a class=\"ez-toc-link ez-toc-heading-2\" href=\"https:\/\/decagone-prevoyance.fr\/blog\/prevoyance-arret-maladie-combien-de-temps-dure-la-protection-et-comment-en-beneficier-278\/#Comment_beneficier_de_la_prevoyance_arret_maladie_demarches_et_conditions_a_respecter\" >Comment b\u00e9n\u00e9ficier de la pr\u00e9voyance arr\u00eat maladie : d\u00e9marches et conditions \u00e0 respecter<\/a><\/li><li class='ez-toc-page-1 ez-toc-heading-level-2'><a class=\"ez-toc-link ez-toc-heading-3\" href=\"https:\/\/decagone-prevoyance.fr\/blog\/prevoyance-arret-maladie-combien-de-temps-dure-la-protection-et-comment-en-beneficier-278\/#La_prevoyance_collective_en_entreprise_un_dispositif_complementaire_essentiel\" >La pr\u00e9voyance collective en entreprise : un dispositif compl\u00e9mentaire essentiel<\/a><\/li><li class='ez-toc-page-1 ez-toc-heading-level-2'><a class=\"ez-toc-link ez-toc-heading-4\" href=\"https:\/\/decagone-prevoyance.fr\/blog\/prevoyance-arret-maladie-combien-de-temps-dure-la-protection-et-comment-en-beneficier-278\/#Indemnites_et_duree_dindemnisation_comment_la_prevoyance_optimise_le_revenu\" >Indemnit\u00e9s et dur\u00e9e d\u2019indemnisation : comment la pr\u00e9voyance optimise le revenu<\/a><\/li><li class='ez-toc-page-1 ez-toc-heading-level-2'><a class=\"ez-toc-link ez-toc-heading-5\" href=\"https:\/\/decagone-prevoyance.fr\/blog\/prevoyance-arret-maladie-combien-de-temps-dure-la-protection-et-comment-en-beneficier-278\/#En_bref_points_essentiels_sur_la_prevoyance_arret_maladie\" >En bref : points essentiels sur la pr\u00e9voyance arr\u00eat maladie<\/a><\/li><\/ul><\/nav><\/div>\n<h2 class=\"wp-block-heading\"><span class=\"ez-toc-section\" id=\"Duree_de_la_prevoyance_arret_maladie_comprendre_les_limites_et_les_garanties\"><\/span>Dur\u00e9e de la pr\u00e9voyance arr\u00eat maladie : comprendre les limites et les garanties<span class=\"ez-toc-section-end\"><\/span><\/h2>\n\n<p class=\"wp-block-paragraph\">Lorsque survient un arr\u00eat maladie, la protection financi\u00e8re offerte par la pr\u00e9voyance collective ne d\u00e9bute pas imm\u00e9diatement et ne dure pas ind\u00e9finiment. La dur\u00e9e de la couverture d\u00e9pend des clauses inscrites dans le contrat collectif, du type d\u2019arr\u00eat, et de la nature de la pathologie concern\u00e9e. En g\u00e9n\u00e9ral, la pr\u00e9voyance intervient apr\u00e8s un d\u00e9lai de carence, parfois appel\u00e9 franchise, qui correspond souvent \u00e0 la p\u00e9riode durant laquelle seule la S\u00e9curit\u00e9 sociale indemnise le salari\u00e9. Ce d\u00e9lai, variable selon les contrats, peut s\u2019\u00e9chelonner de quelques jours jusqu\u2019\u00e0 plusieurs semaines. Par exemple, dans certaines entreprises, la prise en charge compl\u00e9mentaire par la pr\u00e9voyance commence d\u00e8s le 8e jour d\u2019arr\u00eat.<\/p>\n\n<p class=\"wp-block-paragraph\">La dur\u00e9e maximale d\u2019indemnisation par la pr\u00e9voyance collective est g\u00e9n\u00e9ralement limit\u00e9e \u00e0 trois ans. Ce plafond est align\u00e9 avec la dur\u00e9e maximale des indemnit\u00e9s journali\u00e8res vers\u00e9es par la S\u00e9curit\u00e9 sociale en cas d\u2019affection de longue dur\u00e9e. Cette r\u00e8gle prot\u00e8ge \u00e0 la fois les int\u00e9r\u00eats de l\u2019assureur et l\u2019\u00e9quilibre financier de l\u2019entreprise. Au-del\u00e0 de cette p\u00e9riode, le salari\u00e9 peut \u00eatre orient\u00e9 vers une rente d\u2019invalidit\u00e9 si son \u00e9tat ne lui permet pas de reprendre le travail. Il convient de noter que cette dur\u00e9e peut diff\u00e9rer selon les garanties souscrites, et il faut particuli\u00e8rement v\u00e9rifier les clauses relatives au cumul entre S\u00e9curit\u00e9 sociale et pr\u00e9voyance.<\/p>\n\n<p class=\"wp-block-paragraph\">La pr\u00e9voyance permet ainsi un \u00ab\u00a0pont\u00a0\u00bb financier crucial pendant la p\u00e9riode d\u2019arr\u00eat, en s\u2019ajustant au contexte de sant\u00e9 du salari\u00e9 et en compl\u00e9tant les indemnit\u00e9s journali\u00e8res basiques qui ne couvrent souvent que 50\u00a0% du salaire brut, avec un plafond fix\u00e9 \u00e0 52,28 euros maximum par jour en 2024. L\u2019objectif est de s\u00e9curiser le pouvoir d\u2019achat du salari\u00e9 pour \u00e9viter que la maladie ne g\u00e9n\u00e8re une chute brutale du revenu familial.<\/p>\n\n<p class=\"wp-block-paragraph\">En pratique, voici quelques exemples concrets illustrant la dur\u00e9e de protection en fonction des cas de figure :<\/p>\n\n<ul class=\"wp-block-list\"><li>Un salari\u00e9 avec un arr\u00eat maladie de courte dur\u00e9e (moins d\u2019un mois) b\u00e9n\u00e9ficiera en priorit\u00e9 des indemnit\u00e9s journali\u00e8res S\u00e9curit\u00e9 sociale et potentiellement du maintien de salaire par l\u2019employeur, tandis que la pr\u00e9voyance ne sera pas forc\u00e9ment sollicit\u00e9e.<\/li><li>Pour un arr\u00eat compris entre un \u00e0 six mois, la pr\u00e9voyance entre en action apr\u00e8s le d\u00e9lai de carence et pourra garantir une indemnisation compl\u00e9mentaire pour maintenir un revenu proche de 90 % du salaire brut gr\u00e2ce \u00e0 la couverture collective.<\/li><li>En cas d\u2019arr\u00eat maladie de longue dur\u00e9e, jusqu\u2019\u00e0 trois ans, la pr\u00e9voyance assure une indemnisation progressive en fonction du taux d\u2019incapacit\u00e9 et du contrat ; au-del\u00e0, une rente invalidit\u00e9 sera envisag\u00e9e pour compenser la perte durable d\u2019activit\u00e9.<\/li><\/ul>\n\n<p class=\"wp-block-paragraph\">Ces m\u00e9canismes montrent que la pr\u00e9voyance arr\u00eat maladie offre une protection adapt\u00e9e \u00e0 la diversit\u00e9 des situations, alliant souplesse et rigueur, mais n\u00e9cessite une vigilance particuli\u00e8re sur les conditions contractuelles pour bien en b\u00e9n\u00e9ficier.<\/p>\n\n<figure class=\"wp-block-image size-full\"><img decoding=\"async\" width=\"1024\" height=\"1536\" src=\"https:\/\/decagone-prevoyance.fr\/blog\/wp-content\/uploads\/2026\/03\/Prevoyance-arret-maladie-combien-de-temps-dure-la-protection-et-comment-en-beneficier-1.jpg\" alt=\"d\u00e9couvrez la dur\u00e9e de la protection en cas d&#039;arr\u00eat maladie gr\u00e2ce \u00e0 la pr\u00e9voyance, et apprenez comment en b\u00e9n\u00e9ficier efficacement pour s\u00e9curiser vos revenus.\" class=\"wp-image-275\" srcset=\"https:\/\/decagone-prevoyance.fr\/blog\/wp-content\/uploads\/2026\/03\/Prevoyance-arret-maladie-combien-de-temps-dure-la-protection-et-comment-en-beneficier-1.jpg 1024w, https:\/\/decagone-prevoyance.fr\/blog\/wp-content\/uploads\/2026\/03\/Prevoyance-arret-maladie-combien-de-temps-dure-la-protection-et-comment-en-beneficier-1-200x300.jpg 200w, https:\/\/decagone-prevoyance.fr\/blog\/wp-content\/uploads\/2026\/03\/Prevoyance-arret-maladie-combien-de-temps-dure-la-protection-et-comment-en-beneficier-1-683x1024.jpg 683w, https:\/\/decagone-prevoyance.fr\/blog\/wp-content\/uploads\/2026\/03\/Prevoyance-arret-maladie-combien-de-temps-dure-la-protection-et-comment-en-beneficier-1-768x1152.jpg 768w\" sizes=\"(max-width: 1024px) 100vw, 1024px\" \/><\/figure>\n\n<h2 class=\"wp-block-heading\"><span class=\"ez-toc-section\" id=\"Comment_beneficier_de_la_prevoyance_arret_maladie_demarches_et_conditions_a_respecter\"><\/span>Comment b\u00e9n\u00e9ficier de la pr\u00e9voyance arr\u00eat maladie : d\u00e9marches et conditions \u00e0 respecter<span class=\"ez-toc-section-end\"><\/span><\/h2>\n\n<p class=\"wp-block-paragraph\">B\u00e9n\u00e9ficier sereinement de la pr\u00e9voyance arr\u00eat maladie implique de ma\u00eetriser les d\u00e9marches administratives et de respecter les conditions pr\u00e9vues par la loi et le contrat. D\u00e8s la survenance de l\u2019arr\u00eat m\u00e9dical, le salari\u00e9 doit informer son employeur dans un d\u00e9lai maximal de 48 heures et transmettre le certificat m\u00e9dical attestant de son incapacit\u00e9 \u00e0 travailler. Ce premier geste d\u00e9clenche la cha\u00eene d\u2019indemnisation qui commence par la S\u00e9curit\u00e9 sociale.<\/p>\n\n<p class=\"wp-block-paragraph\">Parall\u00e8lement, il est indispensable de transmettre rapidement les documents n\u00e9cessaires \u00e0 l\u2019assureur en charge du contrat de pr\u00e9voyance collective. Ce dossier comprend g\u00e9n\u00e9ralement le certificat m\u00e9dical, le dernier bulletin de salaire, un relev\u00e9 d\u2019identit\u00e9 bancaire, et selon la dur\u00e9e ou la gravit\u00e9 de l\u2019arr\u00eat, d\u2019autres justificatifs peuvent \u00eatre solicit\u00e8s. Le respect strict de ces d\u00e9lais conditionne le versement rapide des indemnit\u00e9s compl\u00e9mentaires.<\/p>\n\n<p class=\"wp-block-paragraph\">Le salari\u00e9 doit aussi assurer un suivi r\u00e9gulier avec son employeur et son assureur, notamment en cas de prolongation de l\u2019arr\u00eat, en fournissant les renouvellements de certificats m\u00e9dicaux et en se soumettant \u00e0 d\u2019\u00e9ventuels contr\u00f4les m\u00e9dicaux. Tout manquement dans ces formalit\u00e9s peut entra\u00eener un retard, voire une suspension du versement des indemnit\u00e9s, ce qui constitue une source d\u2019anxi\u00e9t\u00e9 suppl\u00e9mentaire et un risque financier.<\/p>\n\n<p class=\"wp-block-paragraph\">Du c\u00f4t\u00e9 de l\u2019employeur, la responsabilit\u00e9 est \u00e9galement engag\u00e9e pour d\u00e9clarer l\u2019arr\u00eat aupr\u00e8s de la S\u00e9curit\u00e9 sociale et activer la prise en charge compl\u00e9mentaire de la pr\u00e9voyance entreprise si elle existe. Le maintien de salaire d\u00e9pendra \u00e9galement des r\u00e8gles conventionnelles et de l\u2019anciennet\u00e9 du salari\u00e9. \u00c0 noter que dans certains secteurs, la souscription \u00e0 un contrat de pr\u00e9voyance obligatoire est une exigence, notamment pour les cadres.<\/p>\n\n<p class=\"wp-block-paragraph\">Ces obligations partag\u00e9es illustrent la complexit\u00e9 du dispositif, o\u00f9 chaque acteur doit jouer son r\u00f4le avec rigueur afin d\u2019assurer la continuit\u00e9 des revenus du salari\u00e9 malade. C\u2019est pourquoi il est souvent conseill\u00e9 de se rapprocher d\u2019un sp\u00e9cialiste ou d\u2019un courtier en assurance pour optimiser la couverture et \u00e9viter les d\u00e9convenues, comme expliqu\u00e9 dans cet article sur <a href=\"https:\/\/decagone-prevoyance.fr\/blog\/comment-un-courtier-prevoyance-peut-proteger-votre-avenir-en-2026-223\">la meilleure mani\u00e8re de prot\u00e9ger son avenir via un courtier en 2026<\/a>.<\/p>\n\n<p class=\"wp-block-paragraph\">En r\u00e9sum\u00e9, la cl\u00e9 pour b\u00e9n\u00e9ficier pleinement de la pr\u00e9voyance est d\u2019agir rapidement, de fournir un dossier complet et de comprendre pr\u00e9cis\u00e9ment les conditions du contrat souscrit. Ce niveau d\u2019exigence garantit une indemnisation \u00e0 la hauteur des attentes et une file de s\u00e9curit\u00e9 appr\u00e9ciable dans ces moments difficiles.<\/p>\n\n<h2 class=\"wp-block-heading\"><span class=\"ez-toc-section\" id=\"La_prevoyance_collective_en_entreprise_un_dispositif_complementaire_essentiel\"><\/span>La pr\u00e9voyance collective en entreprise : un dispositif compl\u00e9mentaire essentiel<span class=\"ez-toc-section-end\"><\/span><\/h2>\n\n<p class=\"wp-block-paragraph\">Dans le panorama de la protection sociale, la pr\u00e9voyance collective joue un r\u00f4le primordial pour s\u00e9curiser le revenu des salari\u00e9s confront\u00e9s \u00e0 un arr\u00eat maladie. Compl\u00e9ment indispensable aux indemnit\u00e9s vers\u00e9es par la S\u00e9curit\u00e9 sociale et au maintien de salaire par l\u2019employeur, elle permet une prise en charge plus compl\u00e8te et plus longue, plus favorable au maintien du pouvoir d\u2019achat.<\/p>\n\n<p class=\"wp-block-paragraph\">Selon le profil de l\u2019entreprise, les garanties incluses dans le contrat collectif peuvent \u00eatre modul\u00e9es. Certaines incluent des indemnit\u00e9s journali\u00e8res compl\u00e9mentaires couvrant jusqu\u2019\u00e0 100 % du salaire brut, assurant ainsi un relais financier efficace. Ce compl\u00e9ment prend en compte les indemnit\u00e9s d\u00e9j\u00e0 per\u00e7ues, qu\u2019il s\u2019agisse des IJSS ou du salaire maintenu, et ne peut pas d\u00e9passer le montant du salaire habituel. En pratique, lorsque la S\u00e9curit\u00e9 sociale et l\u2019employeur versent d\u00e9j\u00e0 90 % du salaire, l\u2019assureur ne verse que les 10 % manquants.<\/p>\n\n<p class=\"wp-block-paragraph\">Les contrats de pr\u00e9voyance varient \u00e9galement en mati\u00e8re de d\u00e9lais de carence. Tandis que certains imposent une franchise de plusieurs jours \u00e0 l\u2019activation des indemnit\u00e9s, d\u2019autres pr\u00e9voient une prise en charge imm\u00e9diate, notamment en cas d\u2019accident du travail ou de maladie professionnelle. Chaque entreprise peut ainsi proposer une grille diff\u00e9rente, adapt\u00e9e \u00e0 ses sp\u00e9cificit\u00e9s et au secteur.<\/p>\n\n<p class=\"wp-block-paragraph\">Voici un tableau synth\u00e9tisant les diff\u00e9rentes composantes et dur\u00e9es des garanties g\u00e9n\u00e9ralement rencontr\u00e9es :<\/p>\n\n<figure class=\"wp-block-table\"><table>\n<thead>\n<tr>\n<th>Type de couverture<\/th>\n<th>Dur\u00e9e maximale de prise en charge<\/th>\n<th>D\u00e9lai de carence<\/th>\n<th>Montant maximum couvrable<\/th>\n<\/tr>\n<\/thead>\n<tbody>\n<tr>\n<td>Indemnit\u00e9s Journali\u00e8res S\u00e9curit\u00e9 Sociale (IJSS)<\/td>\n<td>3 ans (en cas d\u2019ALD)<\/td>\n<td>3 jours (sauf AT\/MP)<\/td>\n<td>50 % du salaire brut (plafond 52,28 \u20ac\/jour en 2024)<\/td>\n<\/tr>\n<tr>\n<td>Maintien de salaire employeur<\/td>\n<td>1 \u00e0 3 mois, prorogeable selon anciennet\u00e9<\/td>\n<td>7 jours (sauf maladie professionnelle)<\/td>\n<td>66,66 % \u00e0 90 % du salaire brut<\/td>\n<\/tr>\n<tr>\n<td>Pr\u00e9voyance collective compl\u00e9mentaire<\/td>\n<td>jusqu\u2019\u00e0 3 ans, suivant contrat<\/td>\n<td>Variable, souvent 7 jours<\/td>\n<td>Jusqu\u2019\u00e0 100 % du salaire brut<\/td>\n<\/tr>\n<\/tbody>\n<\/table><\/figure>\n\n<p class=\"wp-block-paragraph\">Ce tableau souligne le r\u00f4le de la pr\u00e9voyance collective comme un filet de s\u00e9curit\u00e9 suppl\u00e9mentaire, crucial en cas de pathologies prolong\u00e9es. Pour un salari\u00e9 non couvert, les cons\u00e9quences peuvent \u00eatre lourdes, en termes de r\u00e9duction significative du revenu. La mise en place d\u2019une telle pr\u00e9voyance n\u2019est pas toujours obligatoire, sauf pour certains cadres ou en vertu de conventions collectives, mais il est fortement conseill\u00e9 de souscrire \u00e0 ce type de garantie. Les ind\u00e9pendants, par exemple, peuvent aussi se tourner vers des offres adapt\u00e9es, comme d\u00e9taill\u00e9 dans cet article sur <a href=\"https:\/\/decagone-prevoyance.fr\/blog\/quelle-est-la-meilleure-prevoyance-pour-un-independant-en-2026-246\">la meilleure pr\u00e9voyance pour ind\u00e9pendants<\/a> en 2026.<\/p>\n\n<figure class=\"wp-block-image size-full\"><img decoding=\"async\" width=\"1024\" height=\"1536\" src=\"https:\/\/decagone-prevoyance.fr\/blog\/wp-content\/uploads\/2026\/03\/Prevoyance-arret-maladie-combien-de-temps-dure-la-protection-et-comment-en-beneficier-2.jpg\" alt=\"d\u00e9couvrez la dur\u00e9e de la protection en cas d&#039;arr\u00eat maladie gr\u00e2ce \u00e0 la pr\u00e9voyance et apprenez comment en b\u00e9n\u00e9ficier pour s\u00e9curiser vos revenus.\" class=\"wp-image-276\" srcset=\"https:\/\/decagone-prevoyance.fr\/blog\/wp-content\/uploads\/2026\/03\/Prevoyance-arret-maladie-combien-de-temps-dure-la-protection-et-comment-en-beneficier-2.jpg 1024w, https:\/\/decagone-prevoyance.fr\/blog\/wp-content\/uploads\/2026\/03\/Prevoyance-arret-maladie-combien-de-temps-dure-la-protection-et-comment-en-beneficier-2-200x300.jpg 200w, https:\/\/decagone-prevoyance.fr\/blog\/wp-content\/uploads\/2026\/03\/Prevoyance-arret-maladie-combien-de-temps-dure-la-protection-et-comment-en-beneficier-2-683x1024.jpg 683w, https:\/\/decagone-prevoyance.fr\/blog\/wp-content\/uploads\/2026\/03\/Prevoyance-arret-maladie-combien-de-temps-dure-la-protection-et-comment-en-beneficier-2-768x1152.jpg 768w\" sizes=\"(max-width: 1024px) 100vw, 1024px\" \/><\/figure>\n\n<h2 class=\"wp-block-heading\"><span class=\"ez-toc-section\" id=\"Indemnites_et_duree_dindemnisation_comment_la_prevoyance_optimise_le_revenu\"><\/span>Indemnit\u00e9s et dur\u00e9e d\u2019indemnisation : comment la pr\u00e9voyance optimise le revenu<span class=\"ez-toc-section-end\"><\/span><\/h2>\n\n<p class=\"wp-block-paragraph\">En mati\u00e8re d\u2019arr\u00eat maladie, la pr\u00e9voyance permet d\u2019optimiser la couverture financi\u00e8re de fa\u00e7on progressive et adapt\u00e9e. D\u00e8s la survenance de la maladie, les premi\u00e8res indemnit\u00e9s journali\u00e8res vers\u00e9es par la S\u00e9curit\u00e9 sociale couvrent environ la moiti\u00e9 du salaire brut, avec un d\u00e9lai de carence de trois jours, sauf exceptions. Le maintien de salaire par l\u2019employeur entre ensuite en jeu pour compl\u00e9ter cette indemnisation partielle jusqu\u2019\u00e0 environ 90 % du salaire, pendant les premiers mois de l\u2019arr\u00eat. Cette indemnisation peut s\u2019allonger avec l\u2019anciennet\u00e9, jusqu\u2019\u00e0 un maximum de 50 jours \u00e0 90 % suivis de 50 jours \u00e0 66,66 % pour un salari\u00e9 de 10 ans d\u2019anciennet\u00e9, par exemple.<\/p>\n\n<p class=\"wp-block-paragraph\">La pr\u00e9voyance collective vient alors pallier la diff\u00e9rence, en versant des indemnit\u00e9s compl\u00e9mentaires destin\u00e9es \u00e0 garantir un niveau de revenu stable. Ce m\u00e9canisme repose sur un principe d\u2019exclusion des doubles paiements : la soci\u00e9t\u00e9 d\u2019assurance d\u00e9duit les sommes d\u00e9j\u00e0 per\u00e7ues par les autres sources pour ne verser que la fraction manquante. Cela \u00e9vite toute forme de cumul excessif qui pourrait d\u00e9s\u00e9quilibrer le syst\u00e8me.<\/p>\n\n<p class=\"wp-block-paragraph\">Ainsi, pour un salari\u00e9 disposant d&rsquo;un maintien de salaire employeur \u00e9quivalant \u00e0 70 % de son salaire, la pr\u00e9voyance assurera le compl\u00e9ment jusqu\u2019\u00e0 100 %. Cette organisation garantit une continuit\u00e9 financi\u00e8re jusqu\u2019\u00e0 la fin de la dur\u00e9e d\u2019indemnisation pr\u00e9vue contractuellement, qui peut aller jusqu\u2019\u00e0 trois ans. Pass\u00e9 ce d\u00e9lai, le salari\u00e9 peut \u00eatre orient\u00e9 vers l\u2019invalidit\u00e9 ou d\u2019autres dispositifs de compensation.<\/p>\n\n<p class=\"wp-block-paragraph\">Quelques chiffres illustrent mieux ce fonctionnement :<\/p>\n\n<ul class=\"wp-block-list\"><li>Un salari\u00e9 en arr\u00eat maladie per\u00e7oit initialement 50 % de son salaire via les IJSS.<\/li><li>Durant le premier mois, il peut b\u00e9n\u00e9ficier d\u2019un maintien \u00e0 90 % gr\u00e2ce \u00e0 l\u2019employeur.<\/li><li>La pr\u00e9voyance compl\u00e8te le revenu pour atteindre 100 % durant la p\u00e9riode contractuelle de prise en charge.<\/li><li>Apr\u00e8s 3 ans d\u2019arr\u00eat prolong\u00e9, d\u2019autres dispositifs de soutien entrent en vigueur, comme la rente invalidit\u00e9.<\/li><\/ul>\n\n<h2 class=\"wp-block-heading\"><span class=\"ez-toc-section\" id=\"En_bref_points_essentiels_sur_la_prevoyance_arret_maladie\"><\/span>En bref : points essentiels sur la pr\u00e9voyance arr\u00eat maladie<span class=\"ez-toc-section-end\"><\/span><\/h2>\n\n<ul class=\"wp-block-list\"><li><strong>La pr\u00e9voyance collective est un compl\u00e9ment indispensable aux indemnit\u00e9s journali\u00e8res et au maintien de salaire, prot\u00e9geant le salari\u00e9 contre la perte de revenu lors d\u2019un arr\u00eat maladie.<\/strong><\/li><li><strong>La dur\u00e9e de la prise en charge varie selon le contrat, pouvant aller jusqu\u2019\u00e0 trois ans, avec une franchise souvent pr\u00e9sente en d\u00e9but d\u2019arr\u00eat.<\/strong><\/li><li><strong>Les d\u00e9marches rapides et rigoureuses de d\u00e9claration sont cruciales pour b\u00e9n\u00e9ficier sans d\u00e9lai des indemnit\u00e9s compl\u00e9mentaires.<\/strong><\/li><li><strong>La protection est encadr\u00e9e par des obligations l\u00e9gales pour les employeurs et des conditions strictes pour les salari\u00e9s.<\/strong><\/li><li><strong>Une bonne pr\u00e9voyance collective peut aligner le revenu d\u2019indemnisation \u00e0 100 % du salaire brut, \u00e9vitant ainsi une chute financi\u00e8re.<\/strong><\/li><li><strong>Consulter un sp\u00e9cialiste ou courtier en assurance assure une meilleure personnalisation des garanties.<\/strong><\/li><\/ul>\n\n<figure class=\"wp-block-image size-full\"><img decoding=\"async\" width=\"1536\" height=\"1024\" src=\"https:\/\/decagone-prevoyance.fr\/blog\/wp-content\/uploads\/2026\/03\/Prevoyance-arret-maladie-combien-de-temps-dure-la-protection-et-comment-en-beneficier-3.jpg\" alt=\"d\u00e9couvrez la dur\u00e9e de la protection en cas d&#039;arr\u00eat maladie gr\u00e2ce \u00e0 la pr\u00e9voyance et apprenez comment en b\u00e9n\u00e9ficier efficacement pour s\u00e9curiser vos revenus.\" class=\"wp-image-277\" srcset=\"https:\/\/decagone-prevoyance.fr\/blog\/wp-content\/uploads\/2026\/03\/Prevoyance-arret-maladie-combien-de-temps-dure-la-protection-et-comment-en-beneficier-3.jpg 1536w, https:\/\/decagone-prevoyance.fr\/blog\/wp-content\/uploads\/2026\/03\/Prevoyance-arret-maladie-combien-de-temps-dure-la-protection-et-comment-en-beneficier-3-300x200.jpg 300w, https:\/\/decagone-prevoyance.fr\/blog\/wp-content\/uploads\/2026\/03\/Prevoyance-arret-maladie-combien-de-temps-dure-la-protection-et-comment-en-beneficier-3-1024x683.jpg 1024w, https:\/\/decagone-prevoyance.fr\/blog\/wp-content\/uploads\/2026\/03\/Prevoyance-arret-maladie-combien-de-temps-dure-la-protection-et-comment-en-beneficier-3-768x512.jpg 768w\" sizes=\"(max-width: 1536px) 100vw, 1536px\" \/><\/figure>\n\n<script type=\"application\/ld+json\">\n{\"@context\":\"https:\/\/schema.org\",\"@type\":\"FAQPage\",\"mainEntity\":[{\"@type\":\"Question\",\"name\":\"Quelle est la duru00e9e maximale de la prise en charge pru00e9voyance en arru00eat maladie ?\",\"acceptedAnswer\":{\"@type\":\"Answer\",\"text\":\"La pru00e9voyance collective standard couvre gu00e9nu00e9ralement les arru00eats maladie jusqu'u00e0 trois ans, suivant les termes du contrat et en complu00e9ment des indemnitu00e9s journaliu00e8res de la Su00e9curitu00e9 sociale.\"}},{\"@type\":\"Question\",\"name\":\"Que se passe-t-il apru00e8s la fin de la pu00e9riode du2019indemnisation pru00e9voyance ?\",\"acceptedAnswer\":{\"@type\":\"Answer\",\"text\":\"Au-delu00e0 de la duru00e9e maximale de pru00e9voyance, le salariu00e9 peut u00eatre u00e9ligible u00e0 une rente du2019invaliditu00e9, voire u00e0 du2019autres aides sociales, si lu2019incapacitu00e9 au travail persiste.\"}},{\"@type\":\"Question\",\"name\":\"Comment activer son droit u00e0 la pru00e9voyance arru00eat maladie ?\",\"acceptedAnswer\":{\"@type\":\"Answer\",\"text\":\"Il faut informer lu2019employeur sous 48h, transmettre le certificat mu00e9dical u00e0 la Su00e9curitu00e9 sociale et au service RH ou assureur. Le respect des du00e9lais et la fourniture complu00e8te des documents permettent du2019u00e9viter tout retard de versement.\"}},{\"@type\":\"Question\",\"name\":\"Est-ce que la pru00e9voyance est obligatoire pour tous les salariu00e9s ?\",\"acceptedAnswer\":{\"@type\":\"Answer\",\"text\":\"La pru00e9voyance collective est obligatoire pour les cadres dans de nombreuses entreprises et pour certains secteurs via la convention collective. Dans du2019autres cas, elle reste facultative.\"}},{\"@type\":\"Question\",\"name\":\"La pru00e9voyance complu00e8te-t-elle toujours lu2019intu00e9gralitu00e9 du salaire ?\",\"acceptedAnswer\":{\"@type\":\"Answer\",\"text\":\"Non, la pru00e9voyance complu00e8te le revenu en du00e9duisant les indemnitu00e9s du00e9ju00e0 versu00e9es par la Su00e9curitu00e9 sociale et lu2019employeur, jamais au-delu00e0 de 100 % du salaire brut.\"}}]}\n<\/script>\n<h3>Quelle est la dur\u00e9e maximale de la prise en charge pr\u00e9voyance en arr\u00eat maladie ?<\/h3>\n<p>La pr\u00e9voyance collective standard couvre g\u00e9n\u00e9ralement les arr\u00eats maladie jusqu&rsquo;\u00e0 trois ans, suivant les termes du contrat et en compl\u00e9ment des indemnit\u00e9s journali\u00e8res de la S\u00e9curit\u00e9 sociale.<\/p>\n<h3>Que se passe-t-il apr\u00e8s la fin de la p\u00e9riode d\u2019indemnisation pr\u00e9voyance ?<\/h3>\n<p>Au-del\u00e0 de la dur\u00e9e maximale de pr\u00e9voyance, le salari\u00e9 peut \u00eatre \u00e9ligible \u00e0 une rente d\u2019invalidit\u00e9, voire \u00e0 d\u2019autres aides sociales, si l\u2019incapacit\u00e9 au travail persiste.<\/p>\n<h3>Comment activer son droit \u00e0 la pr\u00e9voyance arr\u00eat maladie ?<\/h3>\n<p>Il faut informer l\u2019employeur sous 48h, transmettre le certificat m\u00e9dical \u00e0 la S\u00e9curit\u00e9 sociale et au service RH ou assureur. Le respect des d\u00e9lais et la fourniture compl\u00e8te des documents permettent d\u2019\u00e9viter tout retard de versement.<\/p>\n<h3>Est-ce que la pr\u00e9voyance est obligatoire pour tous les salari\u00e9s ?<\/h3>\n<p>La pr\u00e9voyance collective est obligatoire pour les cadres dans de nombreuses entreprises et pour certains secteurs via la convention collective. Dans d\u2019autres cas, elle reste facultative.<\/p>\n<h3>La pr\u00e9voyance compl\u00e8te-t-elle toujours l\u2019int\u00e9gralit\u00e9 du salaire ?<\/h3>\n<p>Non, la pr\u00e9voyance compl\u00e8te le revenu en d\u00e9duisant les indemnit\u00e9s d\u00e9j\u00e0 vers\u00e9es par la S\u00e9curit\u00e9 sociale et l\u2019employeur, jamais au-del\u00e0 de 100 % du salaire brut.<\/p>\n\n","protected":false},"excerpt":{"rendered":"<p>Lorsqu\u2019un salari\u00e9 fait face \u00e0 un arr\u00eat maladie, la question de sa protection financi\u00e8re devient rapidement centrale. En effet, l\u2019arr\u00eat de travail engendre une interruption temporaire de la r\u00e9mun\u00e9ration, mettant en lumi\u00e8re la n\u00e9cessit\u00e9 d\u2019un syst\u00e8me efficace de pr\u00e9voyance pour compl\u00e9ter les indemnit\u00e9s vers\u00e9es par la S\u00e9curit\u00e9 sociale. Selon les \u00e9volutions r\u00e9centes, le cumul entre &#8230; <a title=\"Pr\u00e9voyance arr\u00eat maladie : combien de temps dure la protection et comment en b\u00e9n\u00e9ficier\" class=\"read-more\" href=\"https:\/\/decagone-prevoyance.fr\/blog\/prevoyance-arret-maladie-combien-de-temps-dure-la-protection-et-comment-en-beneficier-278\" aria-label=\"En savoir plus sur Pr\u00e9voyance arr\u00eat maladie : combien de temps dure la protection et comment en b\u00e9n\u00e9ficier\">Lire la suite<\/a><\/p>\n","protected":false},"author":4,"featured_media":274,"comment_status":"open","ping_status":"open","sticky":false,"template":"","format":"standard","meta":{"_crdt_document":"","footnotes":""},"categories":[8],"tags":[],"class_list":["post-278","post","type-post","status-publish","format-standard","has-post-thumbnail","hentry","category-prevoyance-retraite"],"_links":{"self":[{"href":"https:\/\/decagone-prevoyance.fr\/blog\/wp-json\/wp\/v2\/posts\/278","targetHints":{"allow":["GET"]}}],"collection":[{"href":"https:\/\/decagone-prevoyance.fr\/blog\/wp-json\/wp\/v2\/posts"}],"about":[{"href":"https:\/\/decagone-prevoyance.fr\/blog\/wp-json\/wp\/v2\/types\/post"}],"author":[{"embeddable":true,"href":"https:\/\/decagone-prevoyance.fr\/blog\/wp-json\/wp\/v2\/users\/4"}],"replies":[{"embeddable":true,"href":"https:\/\/decagone-prevoyance.fr\/blog\/wp-json\/wp\/v2\/comments?post=278"}],"version-history":[{"count":0,"href":"https:\/\/decagone-prevoyance.fr\/blog\/wp-json\/wp\/v2\/posts\/278\/revisions"}],"wp:featuredmedia":[{"embeddable":true,"href":"https:\/\/decagone-prevoyance.fr\/blog\/wp-json\/wp\/v2\/media\/274"}],"wp:attachment":[{"href":"https:\/\/decagone-prevoyance.fr\/blog\/wp-json\/wp\/v2\/media?parent=278"}],"wp:term":[{"taxonomy":"category","embeddable":true,"href":"https:\/\/decagone-prevoyance.fr\/blog\/wp-json\/wp\/v2\/categories?post=278"},{"taxonomy":"post_tag","embeddable":true,"href":"https:\/\/decagone-prevoyance.fr\/blog\/wp-json\/wp\/v2\/tags?post=278"}],"curies":[{"name":"wp","href":"https:\/\/api.w.org\/{rel}","templated":true}]}}