{"id":287,"date":"2026-03-13T21:35:23","date_gmt":"2026-03-13T21:35:23","guid":{"rendered":"https:\/\/decagone-prevoyance.fr\/blog\/quand-sarrete-la-prevoyance-invalidite-et-quelles-en-sont-les-conditions-287"},"modified":"2026-03-13T21:35:23","modified_gmt":"2026-03-13T21:35:23","slug":"quand-sarrete-la-prevoyance-invalidite-et-quelles-en-sont-les-conditions","status":"publish","type":"post","link":"https:\/\/decagone-prevoyance.fr\/blog\/quand-sarrete-la-prevoyance-invalidite-et-quelles-en-sont-les-conditions-287","title":{"rendered":"Quand s&rsquo;arr\u00eate la pr\u00e9voyance invalidit\u00e9 et quelles en sont les conditions"},"content":{"rendered":"<p class=\"wp-block-paragraph\">Dans un contexte \u00e9conomique o\u00f9 la protection sociale est plus que jamais essentielle, comprendre le fonctionnement et la dur\u00e9e des garanties li\u00e9es \u00e0 la pr\u00e9voyance invalidit\u00e9 est devenu un enjeu majeur. Que ce soit pour un salari\u00e9, un ind\u00e9pendant ou un chef d\u2019entreprise, la connaissance des m\u00e9canismes encadrant l\u2019arr\u00eat de la pr\u00e9voyance invalidit\u00e9 permet de mieux anticiper les difficult\u00e9s financi\u00e8res li\u00e9es \u00e0 une incapacit\u00e9 de travail. Cette question d\u00e9passe souvent le simple cadre administratif et touche \u00e0 la s\u00e9curit\u00e9 financi\u00e8re et \u00e0 la s\u00e9r\u00e9nit\u00e9 des assur\u00e9s.<\/p>\n\n<p class=\"wp-block-paragraph\">Il est important de distinguer la pr\u00e9voyance invalidit\u00e9 de la pension d\u2019invalidit\u00e9 vers\u00e9e par la S\u00e9curit\u00e9 sociale, deux dispositifs qui r\u00e9pondent \u00e0 des crit\u00e8res sp\u00e9cifiques mais compl\u00e9mentaires. Le cumul de ces aides est possible mais encadr\u00e9, notamment pour \u00e9viter les situations de surcompensation. Certaines conditions relatives \u00e0 la dur\u00e9e de cotisation, aux bar\u00e8mes m\u00e9dicaux ou encore \u00e0 la nature du contrat souscrit chez un assureur priv\u00e9 d\u00e9finissent quand s\u2019arr\u00eate exactement la pr\u00e9voyance invalidit\u00e9.<\/p>\n\n<p class=\"wp-block-paragraph\">Diff\u00e9rents facteurs entrent en compte : le type d\u2019invalidit\u00e9 reconnue, la poursuite ou non d\u2019une activit\u00e9 professionnelle, la date de d\u00e9part \u00e0 la retraite, ainsi que le mode de rupture du contrat de travail. Cette lecture m\u00e9thodique des conditions d\u2019arr\u00eat est indispensable pour garantir une transition financi\u00e8re s\u00e9curis\u00e9e.<\/p>\n\n<p class=\"wp-block-paragraph\">Un salari\u00e9 en arr\u00eat de longue dur\u00e9e pourra ainsi voir sa couverture s\u2019arr\u00eater \u00e0 diverses \u00e9ch\u00e9ances selon son statut et son contrat, tandis qu\u2019un ind\u00e9pendant devra souvent se r\u00e9f\u00e9rer \u00e0 des r\u00e8gles sp\u00e9cifiques associ\u00e9es \u00e0 son r\u00e9gime de pr\u00e9voyance. Ces param\u00e8tres influencent directement la dur\u00e9e d\u2019indemnisation et les d\u00e9marches n\u00e9cessaires pour sauvegarder ses droits.<\/p>\n\n<p class=\"wp-block-paragraph\">Cet article vous \u00e9claire sur les r\u00e8gles cl\u00e9s, ainsi que sur les d\u00e9marches \u00e0 entreprendre pour naviguer sereinement \u00e0 travers les questions de la fin des prestations en pr\u00e9voyance invalidit\u00e9.<\/p>\n\n<p class=\"wp-block-paragraph\"><strong>En bref :<\/strong><\/p>\n\n<ul class=\"wp-block-list\"><li>La pr\u00e9voyance invalidit\u00e9 compl\u00e8te la pension d\u2019invalidit\u00e9 publique sous conditions strictes li\u00e9es au contrat et \u00e0 la situation m\u00e9dicale.<\/li><li>Le cumul pension invalidit\u00e9 et pr\u00e9voyance est possible mais limit\u00e9 par des plafonds d\u00e9finis dans les contrats.<\/li><li>L\u2019arr\u00eat de la pr\u00e9voyance intervient souvent \u00e0 la retraite, au terme d\u2019une p\u00e9riode maximale d\u2019indemnisation, ou en cas de reprise d\u2019activit\u00e9.<\/li><li>La portabilit\u00e9 de la pr\u00e9voyance permet de maintenir la couverture jusqu\u2019\u00e0 12 mois apr\u00e8s rupture du contrat pour les salari\u00e9s indemnis\u00e9s.<\/li><li>Les d\u00e9marches pour obtenir ou contester la pr\u00e9voyance exigent une bonne ma\u00eetrise des crit\u00e8res m\u00e9dicaux et administratifs ainsi qu\u2019une vigilance quant aux d\u00e9lais.<\/li><\/ul>\n\n<div id=\"ez-toc-container\" class=\"ez-toc-v2_0_81 counter-hierarchy ez-toc-counter ez-toc-transparent ez-toc-container-direction\">\n<div class=\"ez-toc-title-container\">\n<p class=\"ez-toc-title\" style=\"cursor:inherit\">Table of Contents<\/p>\n<span class=\"ez-toc-title-toggle\"><a href=\"#\" class=\"ez-toc-pull-right ez-toc-btn ez-toc-btn-xs ez-toc-btn-default ez-toc-toggle\" aria-label=\"Toggle Table of Content\"><span class=\"ez-toc-js-icon-con\"><span class=\"\"><span class=\"eztoc-hide\" style=\"display:none;\">Toggle<\/span><span class=\"ez-toc-icon-toggle-span\"><svg style=\"fill: #999;color:#999\" xmlns=\"http:\/\/www.w3.org\/2000\/svg\" class=\"list-377408\" width=\"20px\" height=\"20px\" viewBox=\"0 0 24 24\" fill=\"none\"><path d=\"M6 6H4v2h2V6zm14 0H8v2h12V6zM4 11h2v2H4v-2zm16 0H8v2h12v-2zM4 16h2v2H4v-2zm16 0H8v2h12v-2z\" fill=\"currentColor\"><\/path><\/svg><svg style=\"fill: #999;color:#999\" class=\"arrow-unsorted-368013\" xmlns=\"http:\/\/www.w3.org\/2000\/svg\" width=\"10px\" height=\"10px\" viewBox=\"0 0 24 24\" version=\"1.2\" baseProfile=\"tiny\"><path d=\"M18.2 9.3l-6.2-6.3-6.2 6.3c-.2.2-.3.4-.3.7s.1.5.3.7c.2.2.4.3.7.3h11c.3 0 .5-.1.7-.3.2-.2.3-.5.3-.7s-.1-.5-.3-.7zM5.8 14.7l6.2 6.3 6.2-6.3c.2-.2.3-.5.3-.7s-.1-.5-.3-.7c-.2-.2-.4-.3-.7-.3h-11c-.3 0-.5.1-.7.3-.2.2-.3.5-.3.7s.1.5.3.7z\"\/><\/svg><\/span><\/span><\/span><\/a><\/span><\/div>\n<nav><ul class='ez-toc-list ez-toc-list-level-1 ' ><li class='ez-toc-page-1 ez-toc-heading-level-2'><a class=\"ez-toc-link ez-toc-heading-1\" href=\"https:\/\/decagone-prevoyance.fr\/blog\/quand-sarrete-la-prevoyance-invalidite-et-quelles-en-sont-les-conditions-287\/#Differences_fondamentales_entre_pension_dinvalidite_et_prevoyance_invalidite\" >Diff\u00e9rences fondamentales entre pension d\u2019invalidit\u00e9 et pr\u00e9voyance invalidit\u00e9<\/a><\/li><li class='ez-toc-page-1 ez-toc-heading-level-2'><a class=\"ez-toc-link ez-toc-heading-2\" href=\"https:\/\/decagone-prevoyance.fr\/blog\/quand-sarrete-la-prevoyance-invalidite-et-quelles-en-sont-les-conditions-287\/#Conditions_medicales_et_administratives_determinant_larret_de_la_prevoyance_invalidite\" >Conditions m\u00e9dicales et administratives d\u00e9terminant l\u2019arr\u00eat de la pr\u00e9voyance invalidit\u00e9<\/a><\/li><li class='ez-toc-page-1 ez-toc-heading-level-2'><a class=\"ez-toc-link ez-toc-heading-3\" href=\"https:\/\/decagone-prevoyance.fr\/blog\/quand-sarrete-la-prevoyance-invalidite-et-quelles-en-sont-les-conditions-287\/#Impact_du_depart_de_lentreprise_et_portabilite_de_la_prevoyance_invalidite\" >Impact du d\u00e9part de l\u2019entreprise et portabilit\u00e9 de la pr\u00e9voyance invalidit\u00e9<\/a><\/li><li class='ez-toc-page-1 ez-toc-heading-level-2'><a class=\"ez-toc-link ez-toc-heading-4\" href=\"https:\/\/decagone-prevoyance.fr\/blog\/quand-sarrete-la-prevoyance-invalidite-et-quelles-en-sont-les-conditions-287\/#Precautions_pratiques_et_verifications_indispensables_pour_anticiper_larret_de_la_prevoyance_invalidite\" >Pr\u00e9cautions pratiques et v\u00e9rifications indispensables pour anticiper l\u2019arr\u00eat de la pr\u00e9voyance invalidit\u00e9<\/a><\/li><li class='ez-toc-page-1 ez-toc-heading-level-2'><a class=\"ez-toc-link ez-toc-heading-5\" href=\"https:\/\/decagone-prevoyance.fr\/blog\/quand-sarrete-la-prevoyance-invalidite-et-quelles-en-sont-les-conditions-287\/#FAQ_pratique_sur_larret_de_la_prevoyance_invalidite_et_ses_modalites\" >FAQ pratique sur l&rsquo;arr\u00eat de la pr\u00e9voyance invalidit\u00e9 et ses modalit\u00e9s<\/a><\/li><\/ul><\/nav><\/div>\n<h2 class=\"wp-block-heading\"><span class=\"ez-toc-section\" id=\"Differences_fondamentales_entre_pension_dinvalidite_et_prevoyance_invalidite\"><\/span>Diff\u00e9rences fondamentales entre pension d\u2019invalidit\u00e9 et pr\u00e9voyance invalidit\u00e9<span class=\"ez-toc-section-end\"><\/span><\/h2>\n\n<p class=\"wp-block-paragraph\">La pension d&rsquo;invalidit\u00e9 est une prestation vers\u00e9e par la S\u00e9curit\u00e9 sociale afin de compenser partiellement la perte de revenus li\u00e9e \u00e0 une incapacit\u00e9 de travail reconnue selon des crit\u00e8res m\u00e9dicaux bien encadr\u00e9s. Elle se r\u00e9partit en trois cat\u00e9gories selon le degr\u00e9 d&rsquo;incapacit\u00e9, qui conditionnent le montant de la rente. Cette aide publique d\u00e9pend avant tout de l\u2019affiliation \u00e0 la CPAM et du respect des conditions d\u2019activit\u00e9 professionnelle et de cotisations.<\/p>\n\n<p class=\"wp-block-paragraph\">\u00c0 l\u2019oppos\u00e9, la pr\u00e9voyance invalidit\u00e9 est un contrat souscrit souvent via un employeur ou individuellement aupr\u00e8s d\u2019assureurs priv\u00e9s, visant \u00e0 compl\u00e9ter cette pension afin de pr\u00e9server un niveau de revenu plus proche de celui d\u2019avant la maladie ou l\u2019accident. Elle peut se traduire par le versement d\u2019une rente, d\u2019un capital ou de prestations sp\u00e9cifiques comme l\u2019assistance \u00e0 domicile.<\/p>\n\n<p class=\"wp-block-paragraph\">La complexit\u00e9 vient du fait que les contrats de pr\u00e9voyance distinguent fr\u00e9quemment plusieurs notions : incapacit\u00e9 temporaire, invalidit\u00e9 partielle ou totale, invalidit\u00e9 absolue et d\u00e9finitive. Chacune correspond \u00e0 des modalit\u00e9s d\u2019indemnisation diff\u00e9rentes. Cela implique que la reconnaissance invalidit\u00e9 est une \u00e9tape cruciale, influen\u00e7ant directement la dur\u00e9e d\u2019indemnisation et l\u2019arr\u00eat pr\u00e9voyance.<\/p>\n\n<p class=\"wp-block-paragraph\">Par exemple, un salari\u00e9 atteint d\u2019une invalidit\u00e9 de 2\u00e8me cat\u00e9gorie (incapacit\u00e9 permanente d\u2019au moins 50 %) pourra toucher une pension d\u2019invalidit\u00e9 CPAM, mais aussi une rente de pr\u00e9voyance sous conditions de plafond. Selon les clauses, la pr\u00e9voyance peut \u00eatre d\u00e9duite de la pension ou ajust\u00e9e pour que le cumul ne d\u00e9passe pas une certaine proportion de son salaire ant\u00e9rieur.<\/p>\n\n<p class=\"wp-block-paragraph\">De m\u00eame, pour les ind\u00e9pendants, la situation diff\u00e8re puisque la pension invalidit\u00e9 est g\u00e9r\u00e9e par la S\u00e9curit\u00e9 sociale des ind\u00e9pendants et la pr\u00e9voyance parfois souscrite de mani\u00e8re individuelle. Les r\u00e8gles d\u2019arr\u00eat varient donc \u00e9galement en fonction des statuts.<\/p>\n\n<p class=\"wp-block-paragraph\">Il est donc recommand\u00e9 de bien comprendre ces diff\u00e9rences afin d\u2019optimiser sa protection sans risquer de voir ses droits couper subitement.<\/p>\n\n<figure class=\"wp-block-image size-full\"><img decoding=\"async\" width=\"1024\" height=\"1536\" src=\"https:\/\/decagone-prevoyance.fr\/blog\/wp-content\/uploads\/2026\/03\/Quand-sarrete-la-prevoyance-invalidite-et-quelles-en-sont-les-conditions-1.jpg\" alt=\"d\u00e9couvrez quand s&#039;arr\u00eate la pr\u00e9voyance invalidit\u00e9 et quelles sont les conditions pour en b\u00e9n\u00e9ficier, afin de mieux comprendre vos droits et protections.\" class=\"wp-image-284\" srcset=\"https:\/\/decagone-prevoyance.fr\/blog\/wp-content\/uploads\/2026\/03\/Quand-sarrete-la-prevoyance-invalidite-et-quelles-en-sont-les-conditions-1.jpg 1024w, https:\/\/decagone-prevoyance.fr\/blog\/wp-content\/uploads\/2026\/03\/Quand-sarrete-la-prevoyance-invalidite-et-quelles-en-sont-les-conditions-1-200x300.jpg 200w, https:\/\/decagone-prevoyance.fr\/blog\/wp-content\/uploads\/2026\/03\/Quand-sarrete-la-prevoyance-invalidite-et-quelles-en-sont-les-conditions-1-683x1024.jpg 683w, https:\/\/decagone-prevoyance.fr\/blog\/wp-content\/uploads\/2026\/03\/Quand-sarrete-la-prevoyance-invalidite-et-quelles-en-sont-les-conditions-1-768x1152.jpg 768w\" sizes=\"(max-width: 1024px) 100vw, 1024px\" \/><\/figure>\n\n<h2 class=\"wp-block-heading\"><span class=\"ez-toc-section\" id=\"Conditions_medicales_et_administratives_determinant_larret_de_la_prevoyance_invalidite\"><\/span>Conditions m\u00e9dicales et administratives d\u00e9terminant l\u2019arr\u00eat de la pr\u00e9voyance invalidit\u00e9<span class=\"ez-toc-section-end\"><\/span><\/h2>\n\n<p class=\"wp-block-paragraph\">Les crit\u00e8res d\u2019invalidit\u00e9 reconnus par la S\u00e9curit\u00e9 sociale constituent la base sur laquelle s\u2019appuie l\u2019assureur priv\u00e9 pour ajuster ses prestations. La reconnaissance invalidit\u00e9 est d\u2019abord m\u00e9dicale : un m\u00e9decin-conseil d\u00e9sign\u00e9 par la CPAM examine les dossiers apr\u00e8s une demande officielle. Trois cat\u00e9gories sont d\u00e9finies selon le degr\u00e9 d\u2019insuffisance physique ou mentale, combl\u00e9es par un bar\u00e8me pr\u00e9cis.<\/p>\n\n<p class=\"wp-block-paragraph\">Parall\u00e8lement, le contrat de pr\u00e9voyance pr\u00e9cise sa propre grille d\u2019interpr\u00e9tation qui peut \u00eatre plus stricte ou plus avantageuse, mais n\u00e9cessite toujours une confirmation m\u00e9dicale pour b\u00e9n\u00e9ficier des prestations. Cette double expertise encadre la dur\u00e9e indemnisation.<\/p>\n\n<p class=\"wp-block-paragraph\">L\u2019arr\u00eat pr\u00e9voyance intervient donc notamment dans les cas suivants :<\/p>\n\n<ul class=\"wp-block-list\"><li>Arriv\u00e9e \u00e0 l\u2019\u00e2ge l\u00e9gal ou taux plein de la retraite, moment o\u00f9 la rente cesse normalement pour basculer vers les droits \u00e0 retraite.<\/li><li>Reprise significative d\u2019une activit\u00e9 professionnelle, ce qui remet en cause la validit\u00e9 de l\u2019invalidit\u00e9 ou de l\u2019incapacit\u00e9 partielle.<\/li><li>Expiration de la dur\u00e9e maximale d\u2019indemnisation pr\u00e9vue au contrat (souvent entre 3 et 5 ans selon les accords).<\/li><li>Non-respect des obligations li\u00e9es au suivi m\u00e9dical ou \u00e0 la d\u00e9claration r\u00e9guli\u00e8re des ressources.<\/li><li>\u00c9volution d\u00e9favorable n\u00e9cessitant une r\u00e9vision du taux d\u2019invalidit\u00e9, pouvant conduire \u00e0 une cessation ou un ajustement de prestations.<\/li><\/ul>\n\n<p class=\"wp-block-paragraph\">Un point d\u00e9licat est aussi la prise en compte des carences et franchises : la dur\u00e9e durant laquelle aucun paiement n\u2019est effectu\u00e9 apr\u00e8s la survenue de l\u2019incapacit\u00e9. Ces d\u00e9lais sont contractualis\u00e9s mais doivent \u00eatre bien compris pour \u00e9viter toute surprise.<\/p>\n\n<p class=\"wp-block-paragraph\">En pratique, la notification officielle de la CPAM doit \u00eatre transmise \u00e0 l\u2019assureur qui enclenche la proc\u00e9dure d\u2019examen du dossier. Un refus ou un d\u00e9saccord invite \u00e0 formuler un recours amiable, voire judiciaire, dans un d\u00e9lai strict de deux mois. Le dialogue est primordial pour \u00e9viter une interruption injustifi\u00e9e des prestations.<\/p>\n\n<p class=\"wp-block-paragraph\">Pour ma\u00eetriser toutes ces \u00e9tapes, une bonne lecture des conditions invalidit\u00e9 et des clauses contractuelles s\u2019impose. Des ressources comme <a href=\"https:\/\/decagone-prevoyance.fr\/blog\/comment-calculer-la-rente-invalidite-en-prevoyance-efficacement-205\">cette aide d\u00e9taill\u00e9e sur le calcul de la rente invalidit\u00e9<\/a> peuvent se r\u00e9v\u00e9ler pr\u00e9cieuses \u00e0 ce titre.<\/p>\n\n<h3 class=\"wp-block-heading\">Exemple concret<\/h3>\n\n<p class=\"wp-block-paragraph\">Un salari\u00e9 en arr\u00eat maladie de longue dur\u00e9e se voit reconna\u00eetre une invalidit\u00e9 de 2\u00e8me cat\u00e9gorie par la CPAM. Son contrat de pr\u00e9voyance stabilise la rente \u00e0 hauteur de 70 % de son salaire brut de r\u00e9f\u00e9rence, avec un plafond \u00e0 90 %. Apr\u00e8s 4 ans, l\u2019assureur demande un nouveau certificat d\u2019invalidit\u00e9. Le dossier m\u00e9dical ne confirme plus le taux initial : les prestations sont stopp\u00e9es \u00e0 la suite du refus de renouvellement. La pension sociale continue cependant jusqu\u2019\u00e0 l\u2019\u00e2ge de d\u00e9part en retraite.<\/p>\n\n<h2 class=\"wp-block-heading\"><span class=\"ez-toc-section\" id=\"Impact_du_depart_de_lentreprise_et_portabilite_de_la_prevoyance_invalidite\"><\/span>Impact du d\u00e9part de l\u2019entreprise et portabilit\u00e9 de la pr\u00e9voyance invalidit\u00e9<span class=\"ez-toc-section-end\"><\/span><\/h2>\n\n<p class=\"wp-block-paragraph\">La rupture du contrat de travail engendre souvent des interrogations l\u00e9gitimes sur la continuit\u00e9 des garanties. Pour un salari\u00e9 prot\u00e9g\u00e9 par un contrat collectif, la r\u00e9glementation pr\u00e9voit un m\u00e9canisme dit de portabilit\u00e9, au sens de l\u2019article L911-8 du Code de la S\u00e9curit\u00e9 sociale.<\/p>\n\n<p class=\"wp-block-paragraph\">Ainsi, apr\u00e8s la fin du contrat (hors faute lourde), la couverture de la pr\u00e9voyance continue gratuitement pendant une dur\u00e9e maximale de 12 mois. Cette p\u00e9riode \u00e9quivaut \u00e0 la dur\u00e9e du pr\u00e9c\u00e9dent contrat (arrondie au mois sup\u00e9rieur), \u00e0 condition que l\u2019assur\u00e9 b\u00e9n\u00e9ficie d\u2019une indemnisation ch\u00f4mage. C\u2019est un filet de s\u00e9curit\u00e9 qui permet de conserver la protection sans cotisations suppl\u00e9mentaires.<\/p>\n\n<p class=\"wp-block-paragraph\">Il convient toutefois de signaler rapidement la rupture \u00e0 l\u2019assureur et de fournir les documents n\u00e9cessaires comme l\u2019attestation de prise en charge par P\u00f4le emploi. En cas de reprise d\u2019emploi ou d\u2019arr\u00eat de l\u2019allocation ch\u00f4mage, cette portabilit\u00e9 cesse automatiquement.<\/p>\n\n<p class=\"wp-block-paragraph\">Cette disposition exige une vigilance particuli\u00e8re dans la d\u00e9claration des revenus et des changements de situation : la pr\u00e9voyance recalculera la rente \u00e0 partir des \u00e9l\u00e9ments transmis.<\/p>\n\n<p class=\"wp-block-paragraph\">Le cumul des revenus invalidit\u00e9 et d\u2019une allocation de retour \u00e0 l\u2019emploi (ARE) varie alors selon la cat\u00e9gorie d\u2019invalidit\u00e9 :<\/p>\n\n<figure class=\"wp-block-table\"><table>\n<thead>\n<tr>\n<th>Cat\u00e9gorie d&rsquo;Invalidit\u00e9<\/th>\n<th>Cumul ARE et Pension d\u2019Invalidit\u00e9<\/th>\n<\/tr>\n<\/thead>\n<tbody>\n<tr>\n<td>1\u00e8re cat\u00e9gorie<\/td>\n<td>ARE vers\u00e9e int\u00e9gralement<\/td>\n<\/tr>\n<tr>\n<td>2\u00e8me et 3\u00e8me cat\u00e9gories<\/td>\n<td>Cumul int\u00e9gral uniquement si la pension \u00e9tait d\u00e9j\u00e0 vers\u00e9e avec le salaire ayant ouvert les droits, sinon d\u00e9duction partielle de la pension de l\u2019ARE<\/td>\n<\/tr>\n<\/tbody>\n<\/table><\/figure>\n\n<p class=\"wp-block-paragraph\">Attention aussi au cas des travailleurs ind\u00e9pendants qui ne b\u00e9n\u00e9ficient pas toujours de portabilit\u00e9, contrairement aux salari\u00e9s. Des solutions sp\u00e9cifiques sont alors \u00e0 \u00e9tudier, voire une nouvelle souscription \u00e0 une assurance invalidit\u00e9 adapt\u00e9e. Vous pouvez consulter <a href=\"https:\/\/decagone-prevoyance.fr\/blog\/meilleure-prevoyance-independant-comment-choisir-la-couverture-ideale-en-2026-237\">ce guide pour choisir une pr\u00e9voyance adapt\u00e9e aux ind\u00e9pendants<\/a>.<\/p>\n\n<figure class=\"wp-block-image size-full\"><img decoding=\"async\" width=\"1024\" height=\"1536\" src=\"https:\/\/decagone-prevoyance.fr\/blog\/wp-content\/uploads\/2026\/03\/Quand-sarrete-la-prevoyance-invalidite-et-quelles-en-sont-les-conditions-2.jpg\" alt=\"d\u00e9couvrez quand la pr\u00e9voyance invalidit\u00e9 prend fin et quelles sont les conditions pour b\u00e9n\u00e9ficier de cette protection essentielle en cas d&#039;incapacit\u00e9 de travail.\" class=\"wp-image-285\" srcset=\"https:\/\/decagone-prevoyance.fr\/blog\/wp-content\/uploads\/2026\/03\/Quand-sarrete-la-prevoyance-invalidite-et-quelles-en-sont-les-conditions-2.jpg 1024w, https:\/\/decagone-prevoyance.fr\/blog\/wp-content\/uploads\/2026\/03\/Quand-sarrete-la-prevoyance-invalidite-et-quelles-en-sont-les-conditions-2-200x300.jpg 200w, https:\/\/decagone-prevoyance.fr\/blog\/wp-content\/uploads\/2026\/03\/Quand-sarrete-la-prevoyance-invalidite-et-quelles-en-sont-les-conditions-2-683x1024.jpg 683w, https:\/\/decagone-prevoyance.fr\/blog\/wp-content\/uploads\/2026\/03\/Quand-sarrete-la-prevoyance-invalidite-et-quelles-en-sont-les-conditions-2-768x1152.jpg 768w\" sizes=\"(max-width: 1024px) 100vw, 1024px\" \/><\/figure>\n\n<h2 class=\"wp-block-heading\"><span class=\"ez-toc-section\" id=\"Precautions_pratiques_et_verifications_indispensables_pour_anticiper_larret_de_la_prevoyance_invalidite\"><\/span>Pr\u00e9cautions pratiques et v\u00e9rifications indispensables pour anticiper l\u2019arr\u00eat de la pr\u00e9voyance invalidit\u00e9<span class=\"ez-toc-section-end\"><\/span><\/h2>\n\n<p class=\"wp-block-paragraph\">Pour \u00e9viter toute rupture inattendue des droits, voici cinq points cl\u00e9s \u00e0 surveiller de pr\u00e8s dans le cadre de votre contrat et de votre situation :<\/p>\n\n<ol class=\"wp-block-list\"><li><strong>Plafonds de cumul :<\/strong> v\u00e9rifiez le taux maximal autoris\u00e9 entre pension et rente de pr\u00e9voyance, g\u00e9n\u00e9ralement entre 80 % et 100 % du salaire de r\u00e9f\u00e9rence.<\/li><li><strong>D\u00e9finition m\u00e9dicale :<\/strong> comparez les crit\u00e8res d\u2019invalidit\u00e9 entre la CPAM et l\u2019assureur, car ils peuvent diverger et influencer la reconnaissance et la dur\u00e9e des indemnit\u00e9s.<\/li><li><strong>Franchises et carences :<\/strong> attention aux d\u00e9lais de carence avant la premi\u00e8re indemnisation, souvent entre quelques semaines et plusieurs mois.<\/li><li><strong>Obligations de suivi :<\/strong> d\u00e9claration r\u00e9guli\u00e8re des ressources (salaires, allocations), certificats m\u00e9dicaux \u00e0 jour obligatoires sous peine de suspension des paiements.<\/li><li><strong>D\u00e9marches de recours :<\/strong> en cas de refus ou de contestation, respectez les d\u00e9lais (souvent 2 mois) pour saisir le m\u00e9diateur ou le tribunal comp\u00e9tent.<\/li><\/ol>\n\n<p class=\"wp-block-paragraph\">En s\u2019appuyant sur ces rep\u00e8res, chaque assur\u00e9 peut mieux anticiper la fin de ses prestations et s\u00e9curiser sa situation financi\u00e8re. Le conseil d\u2019un courtier en pr\u00e9voyance peut aussi faciliter ces \u00e9tapes complexes en proposant un accompagnement personnalis\u00e9 et des solutions adapt\u00e9es aux \u00e9volutions de sa sant\u00e9 et de sa vie professionnelle.<\/p>\n\n<figure class=\"wp-block-image size-full\"><img decoding=\"async\" width=\"1536\" height=\"1024\" src=\"https:\/\/decagone-prevoyance.fr\/blog\/wp-content\/uploads\/2026\/03\/Quand-sarrete-la-prevoyance-invalidite-et-quelles-en-sont-les-conditions-3.jpg\" alt=\"d\u00e9couvrez quand s&#039;arr\u00eate la pr\u00e9voyance invalidit\u00e9 et quelles sont les conditions pour en b\u00e9n\u00e9ficier ou y mettre fin. guide complet pour comprendre vos droits et d\u00e9marches.\" class=\"wp-image-286\" srcset=\"https:\/\/decagone-prevoyance.fr\/blog\/wp-content\/uploads\/2026\/03\/Quand-sarrete-la-prevoyance-invalidite-et-quelles-en-sont-les-conditions-3.jpg 1536w, https:\/\/decagone-prevoyance.fr\/blog\/wp-content\/uploads\/2026\/03\/Quand-sarrete-la-prevoyance-invalidite-et-quelles-en-sont-les-conditions-3-300x200.jpg 300w, https:\/\/decagone-prevoyance.fr\/blog\/wp-content\/uploads\/2026\/03\/Quand-sarrete-la-prevoyance-invalidite-et-quelles-en-sont-les-conditions-3-1024x683.jpg 1024w, https:\/\/decagone-prevoyance.fr\/blog\/wp-content\/uploads\/2026\/03\/Quand-sarrete-la-prevoyance-invalidite-et-quelles-en-sont-les-conditions-3-768x512.jpg 768w\" sizes=\"(max-width: 1536px) 100vw, 1536px\" \/><\/figure>\n\n<h2 class=\"wp-block-heading\"><span class=\"ez-toc-section\" id=\"FAQ_pratique_sur_larret_de_la_prevoyance_invalidite_et_ses_modalites\"><\/span>FAQ pratique sur l&rsquo;arr\u00eat de la pr\u00e9voyance invalidit\u00e9 et ses modalit\u00e9s<span class=\"ez-toc-section-end\"><\/span><\/h2>\n\n<script type=\"application\/ld+json\">\n{\"@context\":\"https:\/\/schema.org\",\"@type\":\"FAQPage\",\"mainEntity\":[{\"@type\":\"Question\",\"name\":\"Quand su2019arru00eate la pru00e9voyance invaliditu00e9 ?\",\"acceptedAnswer\":{\"@type\":\"Answer\",\"text\":\"La pru00e9voyance invaliditu00e9 prend fin gu00e9nu00e9ralement u00e0 lu2019u00e2ge lu00e9gal de la retraite, u00e0 la reprise du2019une activitu00e9 professionnelle jugu00e9e compatible ou apru00e8s lu2019u00e9puisement de la duru00e9e maximale pru00e9vue au contrat, souvent entre 3 et 5 ans. La portabilitu00e9 permet un maintien temporaire apru00e8s rupture du contrat de travail.\"}},{\"@type\":\"Question\",\"name\":\"Peut-on cumuler pension du2019invaliditu00e9 et rente de pru00e9voyance ?\",\"acceptedAnswer\":{\"@type\":\"Answer\",\"text\":\"Oui, le cumul est possible mais il est soumis u00e0 des plafonds qui limitent la somme totale versu00e9e, du00e9finis par le contrat de pru00e9voyance. Certaines rentes sont ajustu00e9es ou du00e9duites pour respecter ces plafonds.\"}},{\"@type\":\"Question\",\"name\":\"Comment faire si la pru00e9voyance refuse de verser la rente ?\",\"acceptedAnswer\":{\"@type\":\"Answer\",\"text\":\"Il convient du2019adresser un recours u00e9crit dans les deux mois suivant la notification de refus, puis si nu00e9cessaire de saisir le mu00e9diateur de lu2019assureur puis le tribunal judiciaire. Une expertise mu00e9dicale indu00e9pendante peut appuyer la contestation.\"}},{\"@type\":\"Question\",\"name\":\"Quels sont les documents nu00e9cessaires pour une demande de pru00e9voyance ?\",\"acceptedAnswer\":{\"@type\":\"Answer\",\"text\":\"La notification de reconnaissance du2019invaliditu00e9 de la CPAM, les certificats mu00e9dicaux ru00e9cents, justificatifs du2019identitu00e9, bulletins de salaire, RIB et u00e9ventuellement des du00e9clarations de ressources sont indispensables.\"}},{\"@type\":\"Question\",\"name\":\"La pru00e9voyance invalide-t-elle automatiquement en cas de reprise du2019activitu00e9 ?\",\"acceptedAnswer\":{\"@type\":\"Answer\",\"text\":\"Pas systu00e9matiquement. La reprise du2019activitu00e9 peut u00eatre compatible avec le maintien partiel des prestations si elle est u00e0 temps partiel ou adaptu00e9e u00e0 lu2019u00e9tat de santu00e9, selon les conditions du contrat.\"}}]}\n<\/script>\n<h3>Quand s\u2019arr\u00eate la pr\u00e9voyance invalidit\u00e9 ?<\/h3>\n<p>La pr\u00e9voyance invalidit\u00e9 prend fin g\u00e9n\u00e9ralement \u00e0 l\u2019\u00e2ge l\u00e9gal de la retraite, \u00e0 la reprise d\u2019une activit\u00e9 professionnelle jug\u00e9e compatible ou apr\u00e8s l\u2019\u00e9puisement de la dur\u00e9e maximale pr\u00e9vue au contrat, souvent entre 3 et 5 ans. La portabilit\u00e9 permet un maintien temporaire apr\u00e8s rupture du contrat de travail.<\/p>\n<h3>Peut-on cumuler pension d\u2019invalidit\u00e9 et rente de pr\u00e9voyance ?<\/h3>\n<p>Oui, le cumul est possible mais il est soumis \u00e0 des plafonds qui limitent la somme totale vers\u00e9e, d\u00e9finis par le contrat de pr\u00e9voyance. Certaines rentes sont ajust\u00e9es ou d\u00e9duites pour respecter ces plafonds.<\/p>\n<h3>Comment faire si la pr\u00e9voyance refuse de verser la rente ?<\/h3>\n<p>Il convient d\u2019adresser un recours \u00e9crit dans les deux mois suivant la notification de refus, puis si n\u00e9cessaire de saisir le m\u00e9diateur de l\u2019assureur puis le tribunal judiciaire. Une expertise m\u00e9dicale ind\u00e9pendante peut appuyer la contestation.<\/p>\n<h3>Quels sont les documents n\u00e9cessaires pour une demande de pr\u00e9voyance ?<\/h3>\n<p>La notification de reconnaissance d\u2019invalidit\u00e9 de la CPAM, les certificats m\u00e9dicaux r\u00e9cents, justificatifs d\u2019identit\u00e9, bulletins de salaire, RIB et \u00e9ventuellement des d\u00e9clarations de ressources sont indispensables.<\/p>\n<h3>La pr\u00e9voyance invalide-t-elle automatiquement en cas de reprise d\u2019activit\u00e9 ?<\/h3>\n<p>Pas syst\u00e9matiquement. La reprise d\u2019activit\u00e9 peut \u00eatre compatible avec le maintien partiel des prestations si elle est \u00e0 temps partiel ou adapt\u00e9e \u00e0 l\u2019\u00e9tat de sant\u00e9, selon les conditions du contrat.<\/p>\n\n","protected":false},"excerpt":{"rendered":"<p>Dans un contexte \u00e9conomique o\u00f9 la protection sociale est plus que jamais essentielle, comprendre le fonctionnement et la dur\u00e9e des garanties li\u00e9es \u00e0 la pr\u00e9voyance invalidit\u00e9 est devenu un enjeu majeur. Que ce soit pour un salari\u00e9, un ind\u00e9pendant ou un chef d\u2019entreprise, la connaissance des m\u00e9canismes encadrant l\u2019arr\u00eat de la pr\u00e9voyance invalidit\u00e9 permet de &#8230; <a title=\"Quand s&rsquo;arr\u00eate la pr\u00e9voyance invalidit\u00e9 et quelles en sont les conditions\" class=\"read-more\" href=\"https:\/\/decagone-prevoyance.fr\/blog\/quand-sarrete-la-prevoyance-invalidite-et-quelles-en-sont-les-conditions-287\" aria-label=\"En savoir plus sur Quand s&rsquo;arr\u00eate la pr\u00e9voyance invalidit\u00e9 et quelles en sont les conditions\">Lire la suite<\/a><\/p>\n","protected":false},"author":4,"featured_media":283,"comment_status":"open","ping_status":"open","sticky":false,"template":"","format":"standard","meta":{"_crdt_document":"","footnotes":""},"categories":[8],"tags":[],"class_list":["post-287","post","type-post","status-publish","format-standard","has-post-thumbnail","hentry","category-prevoyance-retraite"],"_links":{"self":[{"href":"https:\/\/decagone-prevoyance.fr\/blog\/wp-json\/wp\/v2\/posts\/287","targetHints":{"allow":["GET"]}}],"collection":[{"href":"https:\/\/decagone-prevoyance.fr\/blog\/wp-json\/wp\/v2\/posts"}],"about":[{"href":"https:\/\/decagone-prevoyance.fr\/blog\/wp-json\/wp\/v2\/types\/post"}],"author":[{"embeddable":true,"href":"https:\/\/decagone-prevoyance.fr\/blog\/wp-json\/wp\/v2\/users\/4"}],"replies":[{"embeddable":true,"href":"https:\/\/decagone-prevoyance.fr\/blog\/wp-json\/wp\/v2\/comments?post=287"}],"version-history":[{"count":0,"href":"https:\/\/decagone-prevoyance.fr\/blog\/wp-json\/wp\/v2\/posts\/287\/revisions"}],"wp:featuredmedia":[{"embeddable":true,"href":"https:\/\/decagone-prevoyance.fr\/blog\/wp-json\/wp\/v2\/media\/283"}],"wp:attachment":[{"href":"https:\/\/decagone-prevoyance.fr\/blog\/wp-json\/wp\/v2\/media?parent=287"}],"wp:term":[{"taxonomy":"category","embeddable":true,"href":"https:\/\/decagone-prevoyance.fr\/blog\/wp-json\/wp\/v2\/categories?post=287"},{"taxonomy":"post_tag","embeddable":true,"href":"https:\/\/decagone-prevoyance.fr\/blog\/wp-json\/wp\/v2\/tags?post=287"}],"curies":[{"name":"wp","href":"https:\/\/api.w.org\/{rel}","templated":true}]}}