{"id":336,"date":"2026-03-13T22:12:23","date_gmt":"2026-03-13T22:12:23","guid":{"rendered":"https:\/\/decagone-prevoyance.fr\/blog\/assurance-prevoyance-pour-medecin-comment-bien-choisir-sa-couverture-336"},"modified":"2026-03-13T22:12:23","modified_gmt":"2026-03-13T22:12:23","slug":"assurance-prevoyance-pour-medecin-comment-bien-choisir-sa-couverture","status":"publish","type":"post","link":"https:\/\/decagone-prevoyance.fr\/blog\/assurance-prevoyance-pour-medecin-comment-bien-choisir-sa-couverture-336","title":{"rendered":"Assurance pr\u00e9voyance pour m\u00e9decin : comment bien choisir sa couverture"},"content":{"rendered":"<p class=\"wp-block-paragraph\">Exercer en tant que m\u00e9decin lib\u00e9ral en 2026 implique de naviguer dans un univers o\u00f9 la s\u00e9curit\u00e9 financi\u00e8re et la continuit\u00e9 de revenus deviennent des priorit\u00e9s absolues. La couverture sociale obligatoire, bien qu\u2019existante, pr\u00e9sente des limites notables quant \u00e0 la protection face aux impr\u00e9vus comme l\u2019arr\u00eat maladie, l\u2019invalidit\u00e9 ou encore le d\u00e9c\u00e8s. Face \u00e0 ces risques professionnels, une assurance pr\u00e9voyance adapt\u00e9e appara\u00eet ainsi comme un outil essentiel pour maintenir une stabilit\u00e9 financi\u00e8re, prot\u00e9ger sa famille et assurer la p\u00e9rennit\u00e9 de son activit\u00e9. Alors que les m\u00e9decins jonglent avec les exigences du quotidien, les charges fixes croissantes du cabinet et une protection sociale parfois insuffisante, le choix du bon contrat d\u2019assurance pr\u00e9voyance s\u2019impose aussi bien comme une n\u00e9cessit\u00e9 que comme une strat\u00e9gie patrimoniale. Cette r\u00e9flexion souligne l\u2019int\u00e9r\u00eat d\u2019une couverture sant\u00e9 personnalis\u00e9e, optimis\u00e9e selon son profil professionnel, son statut et son projet personnel.<\/p>\n\n<p class=\"wp-block-paragraph\">En parall\u00e8le, la complexit\u00e9 des contrats pr\u00e9sents sur le march\u00e9 n\u00e9cessite de s\u2019entourer d\u2019experts comp\u00e9tents afin d\u2019obtenir un accompagnement clair et une comparaison d\u00e9taill\u00e9e. La prise en compte de variables telles que les d\u00e9lais d\u2019attente, les franchises, les garanties en cas d\u2019invalidit\u00e9, ou encore les m\u00e9canismes d\u2019indemnisation, devient d\u00e9cisive pour garantir la meilleure protection possible face \u00e0 la perte de revenus. Cette d\u00e9marche est d\u2019autant plus vitale pour ceux dont l\u2019activit\u00e9 combine exercice lib\u00e9ral et hospitalier, o\u00f9 les plages horaires et astreintes non couvertes par la s\u00e9curit\u00e9 sociale peuvent engendrer des situations financi\u00e8res d\u00e9licates. Ainsi, bien comprendre les fondements d\u2019une pr\u00e9voyance m\u00e9dicale efficace est la cl\u00e9 pour s\u00e9curiser son avenir professionnel et personnel tout en optimisant son investissement financier dans sa protection.<\/p>\n\n<p class=\"wp-block-paragraph\"><strong>En bref :<\/strong><\/p>\n\n<ul class=\"wp-block-list\"><li><strong>La pr\u00e9voyance est indispensable pour les m\u00e9decins lib\u00e9raux<\/strong> du fait des limitations de la protection sociale obligatoire (CPAM, CARMF).<\/li><li><strong>Une couverture sant\u00e9 sur-mesure permet de maintenir les revenus<\/strong> en cas d\u2019arr\u00eat de travail, d\u2019invalidit\u00e9 ou de d\u00e9c\u00e8s, tout en couvrant les charges fixes du cabinet.<\/li><li><strong>Le choix d\u2019un contrat d\u2019assurance doit s\u2019appuyer sur un bar\u00e8me professionnel<\/strong> et des garanties adapt\u00e9es au m\u00e9tier m\u00e9dical, notamment pour l\u2019invalidit\u00e9.<\/li><li><strong>Les conseils personnalis\u00e9s d\u2019un courtier ou agent sp\u00e9cialis\u00e9<\/strong> sont recommand\u00e9s pour optimiser son contrat en fonction de son parcours, \u00e2ge et statut.<\/li><li><strong>La d\u00e9duction fiscale via la loi Madelin<\/strong> facilite le financement de la pr\u00e9voyance pour les m\u00e9decins en lib\u00e9ral.<\/li><\/ul>\n\n<div id=\"ez-toc-container\" class=\"ez-toc-v2_0_81 counter-hierarchy ez-toc-counter ez-toc-transparent ez-toc-container-direction\">\n<div class=\"ez-toc-title-container\">\n<p class=\"ez-toc-title\" style=\"cursor:inherit\">Table of Contents<\/p>\n<span class=\"ez-toc-title-toggle\"><a href=\"#\" class=\"ez-toc-pull-right ez-toc-btn ez-toc-btn-xs ez-toc-btn-default ez-toc-toggle\" aria-label=\"Toggle Table of Content\"><span class=\"ez-toc-js-icon-con\"><span class=\"\"><span class=\"eztoc-hide\" style=\"display:none;\">Toggle<\/span><span class=\"ez-toc-icon-toggle-span\"><svg style=\"fill: #999;color:#999\" xmlns=\"http:\/\/www.w3.org\/2000\/svg\" class=\"list-377408\" width=\"20px\" height=\"20px\" viewBox=\"0 0 24 24\" fill=\"none\"><path d=\"M6 6H4v2h2V6zm14 0H8v2h12V6zM4 11h2v2H4v-2zm16 0H8v2h12v-2zM4 16h2v2H4v-2zm16 0H8v2h12v-2z\" fill=\"currentColor\"><\/path><\/svg><svg style=\"fill: #999;color:#999\" class=\"arrow-unsorted-368013\" xmlns=\"http:\/\/www.w3.org\/2000\/svg\" width=\"10px\" height=\"10px\" viewBox=\"0 0 24 24\" version=\"1.2\" baseProfile=\"tiny\"><path d=\"M18.2 9.3l-6.2-6.3-6.2 6.3c-.2.2-.3.4-.3.7s.1.5.3.7c.2.2.4.3.7.3h11c.3 0 .5-.1.7-.3.2-.2.3-.5.3-.7s-.1-.5-.3-.7zM5.8 14.7l6.2 6.3 6.2-6.3c.2-.2.3-.5.3-.7s-.1-.5-.3-.7c-.2-.2-.4-.3-.7-.3h-11c-.3 0-.5.1-.7.3-.2.2-.3.5-.3.7s.1.5.3.7z\"\/><\/svg><\/span><\/span><\/span><\/a><\/span><\/div>\n<nav><ul class='ez-toc-list ez-toc-list-level-1 ' ><li class='ez-toc-page-1 ez-toc-heading-level-2'><a class=\"ez-toc-link ez-toc-heading-1\" href=\"https:\/\/decagone-prevoyance.fr\/blog\/assurance-prevoyance-pour-medecin-comment-bien-choisir-sa-couverture-336\/#Pourquoi_lassurance_prevoyance_est-elle_cruciale_pour_un_medecin_liberal\" >Pourquoi l\u2019assurance pr\u00e9voyance est-elle cruciale pour un m\u00e9decin lib\u00e9ral ?<\/a><\/li><li class='ez-toc-page-1 ez-toc-heading-level-2'><a class=\"ez-toc-link ez-toc-heading-2\" href=\"https:\/\/decagone-prevoyance.fr\/blog\/assurance-prevoyance-pour-medecin-comment-bien-choisir-sa-couverture-336\/#Les_garanties_essentielles_dune_assurance_prevoyance_medecin_comprendre_le_socle\" >Les garanties essentielles d\u2019une assurance pr\u00e9voyance m\u00e9decin : comprendre le socle<\/a><\/li><li class='ez-toc-page-1 ez-toc-heading-level-2'><a class=\"ez-toc-link ez-toc-heading-3\" href=\"https:\/\/decagone-prevoyance.fr\/blog\/assurance-prevoyance-pour-medecin-comment-bien-choisir-sa-couverture-336\/#Choisir_son_contrat_dassurance_prevoyance_criteres_et_pieges_a_eviter\" >Choisir son contrat d\u2019assurance pr\u00e9voyance : crit\u00e8res et pi\u00e8ges \u00e0 \u00e9viter<\/a><\/li><li class='ez-toc-page-1 ez-toc-heading-level-2'><a class=\"ez-toc-link ez-toc-heading-4\" href=\"https:\/\/decagone-prevoyance.fr\/blog\/assurance-prevoyance-pour-medecin-comment-bien-choisir-sa-couverture-336\/#Comment_integrer_la_prevoyance_dans_sa_strategie_financiere_et_patrimoniale\" >Comment int\u00e9grer la pr\u00e9voyance dans sa strat\u00e9gie financi\u00e8re et patrimoniale ?<\/a><\/li><\/ul><\/nav><\/div>\n<h2 class=\"wp-block-heading\"><span class=\"ez-toc-section\" id=\"Pourquoi_lassurance_prevoyance_est-elle_cruciale_pour_un_medecin_liberal\"><\/span>Pourquoi l\u2019assurance pr\u00e9voyance est-elle cruciale pour un m\u00e9decin lib\u00e9ral ?<span class=\"ez-toc-section-end\"><\/span><\/h2>\n\n<p class=\"wp-block-paragraph\">Exercer en tant que m\u00e9decin lib\u00e9ral s\u2019accompagne d\u2019une responsabilit\u00e9 financi\u00e8re importante. Contrairement aux salari\u00e9s, le m\u00e9decin ind\u00e9pendant d\u00e9pend principalement de ses propres revenus, lesquels peuvent rapidement se voir impact\u00e9s par des al\u00e9as tels qu\u2019une maladie, un accident ou une invalidit\u00e9. Le r\u00e9gime de protection sociale classique, qui associe la CPAM et la CARMF, offre une couverture qui peut para\u00eetre insuffisante pour assurer un maintien optimal des revenus.<\/p>\n\n<p class=\"wp-block-paragraph\">La s\u00e9curit\u00e9 sociale verse des indemnit\u00e9s journali\u00e8res plafonn\u00e9es, g\u00e9n\u00e9ralement calcul\u00e9es autour d\u2019un 1\/730\u00e8me du revenu annuel, et cela seulement \u00e0 partir du 4e jour d\u2019arr\u00eat de travail, avec un plancher et un plafond qui ne couvrent souvent pas l\u2019ensemble des frais quotidiens. Par exemple, un m\u00e9decin percevant 100 000 \u20ac par an pourra recevoir, lors d\u2019un arr\u00eat maladie, environ 136 \u20ac par jour d\u2019indemnit\u00e9 mais seulement jusqu\u2019au 90e jour. Pass\u00e9 ce d\u00e9lai, les montants vers\u00e9s par la CARMF sont souvent inf\u00e9rieurs \u00e0 la perte r\u00e9elle de revenus. De plus, la CARMF ne couvre pas toujours les gardes ou astreintes effectu\u00e9es dans le cadre d\u2019un exercice mixte, ce qui laisse un vide financier.<\/p>\n\n<p class=\"wp-block-paragraph\">Pour pallier ces lacunes et s\u00e9curiser ses revenus, le m\u00e9decin doit donc envisager une couverture sant\u00e9 compl\u00e9mentaire par le biais d\u2019une <strong>assurance pr\u00e9voyance<\/strong>. Cette derni\u00e8re vise \u00e0 compenser la perte de revenus li\u00e9e \u00e0 un arr\u00eat de travail ou une invalidit\u00e9, tout en couvrant \u00e9galement les charges fixes du cabinet m\u00e9dical : loyers, salaires du personnel, taxes, et autres frais indispensables au fonctionnement.<\/p>\n\n<p class=\"wp-block-paragraph\">Par ailleurs, la pr\u00e9voyance int\u00e8gre une protection en cas de <strong>d\u00e9c\u00e8s<\/strong>, offrant une garantie financi\u00e8re essentielle pour les ayants droit. Le capital vers\u00e9 doit \u00eatre suffisant pour maintenir un niveau de vie acceptable \u00e0 la famille, notamment pour financer l\u2019\u00e9ducation des enfants. Or, les prestations de la CARMF, plafonn\u00e9es \u00e0 60 000 \u20ac, ne r\u00e9pondent pas toujours \u00e0 cet objectif.<\/p>\n\n<p class=\"wp-block-paragraph\">En r\u00e9sum\u00e9, sans une couverture adapt\u00e9e, un arr\u00eat prolong\u00e9 ou un d\u00e9c\u00e8s pourrait compromettre la stabilit\u00e9 \u00e9conomique du m\u00e9decin et de ses proches. Cette r\u00e9alit\u00e9 impose une r\u00e9flexion s\u00e9rieuse et une analyse personnalis\u00e9e pour choisir la bonne formule, prenant en compte autant les sp\u00e9cificit\u00e9s du m\u00e9tier que la situation personnelle.<\/p>\n\n<figure class=\"wp-block-image size-full\"><img decoding=\"async\" width=\"1024\" height=\"1536\" src=\"https:\/\/decagone-prevoyance.fr\/blog\/wp-content\/uploads\/2026\/03\/Assurance-prevoyance-pour-medecin-comment-bien-choisir-sa-couverture-1.jpg\" alt=\"d\u00e9couvrez comment choisir la meilleure assurance pr\u00e9voyance pour m\u00e9decin afin de prot\u00e9ger votre avenir et celui de votre famille avec une couverture adapt\u00e9e.\" class=\"wp-image-333\" srcset=\"https:\/\/decagone-prevoyance.fr\/blog\/wp-content\/uploads\/2026\/03\/Assurance-prevoyance-pour-medecin-comment-bien-choisir-sa-couverture-1.jpg 1024w, https:\/\/decagone-prevoyance.fr\/blog\/wp-content\/uploads\/2026\/03\/Assurance-prevoyance-pour-medecin-comment-bien-choisir-sa-couverture-1-200x300.jpg 200w, https:\/\/decagone-prevoyance.fr\/blog\/wp-content\/uploads\/2026\/03\/Assurance-prevoyance-pour-medecin-comment-bien-choisir-sa-couverture-1-683x1024.jpg 683w, https:\/\/decagone-prevoyance.fr\/blog\/wp-content\/uploads\/2026\/03\/Assurance-prevoyance-pour-medecin-comment-bien-choisir-sa-couverture-1-768x1152.jpg 768w\" sizes=\"(max-width: 1024px) 100vw, 1024px\" \/><\/figure>\n\n<h2 class=\"wp-block-heading\"><span class=\"ez-toc-section\" id=\"Les_garanties_essentielles_dune_assurance_prevoyance_medecin_comprendre_le_socle\"><\/span>Les garanties essentielles d\u2019une assurance pr\u00e9voyance m\u00e9decin : comprendre le socle<span class=\"ez-toc-section-end\"><\/span><\/h2>\n\n<p class=\"wp-block-paragraph\">Le c\u0153ur d\u2019un contrat d\u2019assurance pr\u00e9voyance pour m\u00e9decin repose sur plusieurs garanties fondamentales. Ces garanties doivent couvrir les diff\u00e9rents cas de figure susceptibles d\u2019entra\u00eener une perte de revenus ou un co\u00fbt suppl\u00e9mentaire. Pour choisir un contrat pertinent, il est primordial de bien comprendre chacune de ces garanties.<\/p>\n\n<h3 class=\"wp-block-heading\">Maintien de revenus en cas d\u2019arr\u00eat de travail<\/h3>\n\n<p class=\"wp-block-paragraph\">La garantie principale consiste \u00e0 assurer un versement d\u2019<strong>indemnit\u00e9s journali\u00e8res<\/strong> en cas d\u2019arr\u00eat temporaire pour maladie, accident ou hospitalisation. L\u2019objectif est de compenser la baisse de revenus li\u00e9s \u00e0 l\u2019impossibilit\u00e9 d\u2019exercer. Un \u00e9l\u00e9ment cl\u00e9 est le <strong>d\u00e9lai de carence<\/strong> : il s\u2019agit du nombre de jours, apr\u00e8s l\u2019arr\u00eat, avant que l\u2019indemnisation ne commence. Les contrats modernes proposent des d\u00e9lais de carence variables, souvent compris entre 7 et 15 jours pour une maladie.<\/p>\n\n<p class=\"wp-block-paragraph\">La dur\u00e9e et le montant des indemnit\u00e9s sont aussi des crit\u00e8res \u00e0 contr\u00f4ler. Certains contrats indemnisent d\u00e8s le 4e jour, tandis que d\u2019autres ajoutent une p\u00e9riode de franchise plus longue. Le montant maximal de l\u2019indemnit\u00e9 doit id\u00e9alement couvrir au moins 60 \u00e0 80 % du revenu net imposable pour assurer un niveau confortable.<\/p>\n\n<h3 class=\"wp-block-heading\">Rente en cas d\u2019invalidit\u00e9 : un crit\u00e8re d\u00e9terminant<\/h3>\n\n<p class=\"wp-block-paragraph\">L\u2019invalidit\u00e9 repr\u00e9sente un risque majeur dans la profession m\u00e9dicale. Une invalidit\u00e9 peut entra\u00eener une incapacit\u00e9 totale ou partielle \u00e0 exercer certaines t\u00e2ches sp\u00e9cifiques. Il est alors crucial que la garantie pr\u00e9voie une rente ad\u00e9quate, d\u00e9clench\u00e9e d\u00e8s un taux d\u2019invalidit\u00e9 bas (autour de 15 %). En effet, ce taux faible est particuli\u00e8rement important pour \u00e9viter des situations dramatiques o\u00f9 un chirurgien perdrait l\u2019usage d\u2019une main, et ne toucherait aucune indemnit\u00e9 si le bar\u00e8me n\u2019est pas sp\u00e9cifique.<\/p>\n\n<p class=\"wp-block-paragraph\">La grille dite \u00ab professionnelle \u00bb est recommand\u00e9e, car elle \u00e9value l\u2019invalidit\u00e9 en fonction des exigences du m\u00e9tier et non d\u2019un bar\u00e8me g\u00e9n\u00e9raliste. La rente peut se d\u00e9cliner en fonction du taux d\u2019incapacit\u00e9, avec une progression selon la gravit\u00e9 du handicap.<\/p>\n\n<h3 class=\"wp-block-heading\">Couverture d\u00e9c\u00e8s : prot\u00e9ger sa famille avec une garantie \u00e0 la hauteur<\/h3>\n\n<p class=\"wp-block-paragraph\">Le capital d\u00e9c\u00e8s constitue la protection la plus visible dans un contrat de pr\u00e9voyance. Il est exprim\u00e9 en pourcentage du revenu annuel et peut \u00eatre augment\u00e9 en fonction de la composition familiale, notamment en pr\u00e9sence d\u2019enfants.<\/p>\n\n<p class=\"wp-block-paragraph\">Plusieurs options sont disponibles : versement d\u2019un capital unique, rente au conjoint, rente \u00e9ducation pour les enfants jusqu\u2019\u00e0 la fin de leurs \u00e9tudes. Ces garanties assurent une s\u00e9curit\u00e9 financi\u00e8re suffisante pour pr\u00e9server le niveau de vie du foyer en cas de d\u00e9c\u00e8s inattendu.<\/p>\n\n<h3 class=\"wp-block-heading\">Prise en charge des frais professionnels : un levier pour la continuit\u00e9<\/h3>\n\n<p class=\"wp-block-paragraph\">L\u2019arr\u00eat de l\u2019activit\u00e9 m\u00e9dicale n\u2019affecte pas seulement les revenus personnels. Les frais li\u00e9s \u00e0 la gestion du cabinet continuent de courir : loyers, salaires du personnel administratif, frais d\u2019entretien et imp\u00f4ts professionnels. La garantie \u00ab frais professionnels \u00bb ou \u00ab frais g\u00e9n\u00e9raux \u00bb couvre ces d\u00e9penses, \u00e9vitant une d\u00e9gradation rapide de la situation \u00e9conomique.<\/p>\n\n<p class=\"wp-block-paragraph\">Inclure cette option dans le contrat \u00e9vite que le m\u00e9decin se retrouve dans l\u2019obligation de puiser dans ses \u00e9conomies ou de contracter des emprunts pour maintenir son cabinet en activit\u00e9. La liste des frais remboursables varie d\u2019un contrat \u00e0 l\u2019autre, et doit \u00eatre soigneusement v\u00e9rifi\u00e9e lors de la souscription.<\/p>\n\n<h3 class=\"wp-block-heading\">La fiscalit\u00e9 avantageuse via la loi Madelin<\/h3>\n\n<p class=\"wp-block-paragraph\">Pour les m\u00e9decins exer\u00e7ant en lib\u00e9ral, la loi Madelin offre un avantage non n\u00e9gligeable. En effet, les cotisations vers\u00e9es pour la pr\u00e9voyance sont d\u00e9ductibles du revenu imposable, dans des limites pr\u00e9cises (environ 3,75 % du revenu imposable major\u00e9 de 7 % du plafond annuel de la s\u00e9curit\u00e9 sociale). Cette disposition r\u00e9duit donc significativement le co\u00fbt r\u00e9el de la couverture, rendant la pr\u00e9voyance encore plus accessible et rentable.<\/p>\n\n<p class=\"wp-block-paragraph\">\u00c0 titre d\u2019exemple, un praticien avec un revenu annuel de 100 000 \u20ac peut d\u00e9duire environ 6 379 \u20ac chaque ann\u00e9e, ce qui all\u00e8ge sa charge fiscale tout en s\u00e9curisant son avenir.<\/p>\n\n<h2 class=\"wp-block-heading\"><span class=\"ez-toc-section\" id=\"Choisir_son_contrat_dassurance_prevoyance_criteres_et_pieges_a_eviter\"><\/span>Choisir son contrat d\u2019assurance pr\u00e9voyance : crit\u00e8res et pi\u00e8ges \u00e0 \u00e9viter<span class=\"ez-toc-section-end\"><\/span><\/h2>\n\n<p class=\"wp-block-paragraph\">Le march\u00e9 de la pr\u00e9voyance propose plusieurs types de contrats, certains g\u00e9n\u00e9ralistes, d\u2019autres sp\u00e9cifiquement d\u00e9di\u00e9s \u00e0 la profession m\u00e9dicale. Il est donc indispensable d\u2019adopter une d\u00e9marche rigoureuse pour identifier le contrat le plus adapt\u00e9, afin d\u2019\u00e9viter les mauvaises surprises en cas de sinistre.<\/p>\n\n<h3 class=\"wp-block-heading\">L\u2019importance d\u2019un contrat sur-mesure et d\u2019un accompagnement personnalis\u00e9<\/h3>\n\n<p class=\"wp-block-paragraph\">La r\u00e8gle d\u2019or reste de solliciter un agent g\u00e9n\u00e9ral ou un courtier sp\u00e9cialis\u00e9. Ces professionnels permettront d\u2019analyser la situation personnelle et professionnelle, et d\u2019identifier pr\u00e9cis\u00e9ment les besoins en fonction de l\u2019activit\u00e9 (lib\u00e9rale, hospitali\u00e8re ou mixte), des revenus, des charges fixes et de la composition familiale.<\/p>\n\n<p class=\"wp-block-paragraph\">Cette \u00e9tape cl\u00e9 permet de calibrer les garanties au plus proche de la r\u00e9alit\u00e9 du m\u00e9decin. Un bon contrat doit pr\u00e9voir une couverture compl\u00e8te, int\u00e9grant le maintien de salaire, les frais professionnels, la garantie d\u00e9c\u00e8s et une rente en cas d\u2019invalidit\u00e9, le tout en tenant compte du bar\u00e8me professionnel sp\u00e9cifique aux m\u00e9decins.<\/p>\n\n<h3 class=\"wp-block-heading\">Comparer les d\u00e9lais de carence et de franchise<\/h3>\n\n<p class=\"wp-block-paragraph\">Les d\u00e9lais de carence (temps avant prise en charge) et de franchise (p\u00e9riode pendant laquelle aucune indemnit\u00e9 n\u2019est vers\u00e9e) varient consid\u00e9rablement d\u2019un contrat \u00e0 l\u2019autre. Il est essentiel de choisir un d\u00e9lai adapt\u00e9 \u00e0 sa situation personnelle. Un d\u00e9lai trop long peut en effet laisser un trou de tr\u00e9sorerie important en cas d\u2019arr\u00eat de travail soudain.<\/p>\n\n<p class=\"wp-block-paragraph\">Par exemple, certaines compagnies proposent un d\u00e9lai de carence maladie autour de 3 mois, alors que d\u2019autres r\u00e9duisent ce d\u00e9lai \u00e0 une semaine. La franchise accident peut aussi fluctuer entre 0 et 3 jours. Ces param\u00e8tres, bien qu\u2019ils influent sur le co\u00fbt du contrat, conditionnent l\u2019efficacit\u00e9 r\u00e9elle de la protection sociale.<\/p>\n\n<h3 class=\"wp-block-heading\">Bar\u00e8me d\u2019invalidit\u00e9 : choisir le bon seuil et la bonne grille<\/h3>\n\n<p class=\"wp-block-paragraph\">Dans la s\u00e9lection de la meilleure assurance pr\u00e9voyance, le bar\u00e8me d\u2019\u00e9valuation de l\u2019invalidit\u00e9 est un enjeu majeur. La garantie doit d\u00e9clencher une rente d\u00e8s un taux bas (15 %) selon une grille professionnelle adapt\u00e9e. Cette sp\u00e9cificit\u00e9 garantit une indemnisation pr\u00e9cise et juste pour les particularit\u00e9s du m\u00e9tier m\u00e9dical.<\/p>\n\n<h3 class=\"wp-block-heading\">Les garanties optionnelles et leurs incidences sur le tarif<\/h3>\n\n<p class=\"wp-block-paragraph\">Certains contrats proposent des garanties compl\u00e9mentaires, telles que la rente au conjoint, la rente \u00e9ducation ou le doublement du capital en cas d\u2019accident. Si elles renforcent la protection, ces options augmentent aussi la cotisation. Il est utile d\u2019\u00e9valuer leur pertinence en fonction de sa situation familiale et patrimoniale.<\/p>\n\n<h3 class=\"wp-block-heading\">Exemple de comparaison simplifi\u00e9e des contrats pour m\u00e9decin<\/h3>\n\n<figure class=\"wp-block-table\"><table>\n<thead>\n<tr>\n<th>Assureur<\/th>\n<th>Points forts<\/th>\n<th>Points faibles<\/th>\n<th>Particularit\u00e9s<\/th>\n<\/tr>\n<\/thead>\n<tbody>\n<tr>\n<td>APRIL<\/td>\n<td>Prise en charge hospitalisation ambulatoire, bar\u00e8me invalidit\u00e9 pro d\u00e8s 15%<\/td>\n<td>D\u00e9lai de carence maladie 3 mois, franchise maladie 15 jours<\/td>\n<td>Sports amateurs couverts, mi-temps th\u00e9rapeutique indemnis\u00e9<\/td>\n<\/tr>\n<tr>\n<td>SWISSLIFE<\/td>\n<td>Bar\u00e8me crois\u00e9 professionnel, large choix franchises, capital doubl\u00e9 en cas d\u2019accident<\/td>\n<td>D\u00e9lai carence affections psy 12 mois, cr\u00e9ateurs ont IJ plafonn\u00e9es<\/td>\n<td>Exon\u00e9ration cotisations d\u00e8s 91e jour d\u2019arr\u00eat, assistance burn-out incluse<\/td>\n<\/tr>\n<tr>\n<td>MACSF<\/td>\n<td>Bar\u00e8me invalidit\u00e9 pro, allocation maternit\u00e9, capital d\u00e9c\u00e8s triple accident circulation<\/td>\n<td>Rente invalidit\u00e9 peu avantageuse, exclusions affections psychologiques nombreuses<\/td>\n<td>Assistance compl\u00e8te, allocation si conjoint\/enfant malade (option)<\/td>\n<\/tr>\n<\/tbody>\n<\/table><\/figure>\n\n<p class=\"wp-block-paragraph\">Pour approfondir le sujet et trouver les meilleures offres disponibles, un m\u00e9decin peut consulter des comparateurs sp\u00e9cialis\u00e9s ou se r\u00e9f\u00e9rer \u00e0 des articles pratiques comme <a href=\"https:\/\/decagone-prevoyance.fr\/blog\/quelle-est-la-meilleure-prevoyance-pour-un-independant-en-2026-246\">quelle est la meilleure pr\u00e9voyance pour un ind\u00e9pendant en 2026<\/a> ou encore approfondir le r\u00f4le des courtiers adapt\u00e9s via <a href=\"https:\/\/decagone-prevoyance.fr\/blog\/quel-est-le-prix-dun-courtier-en-assurance-en-2026-2-264\">quel est le prix d\u2019un courtier en assurance en 2026<\/a>.<\/p>\n\n<figure class=\"wp-block-image size-full\"><img decoding=\"async\" width=\"1536\" height=\"1024\" src=\"https:\/\/decagone-prevoyance.fr\/blog\/wp-content\/uploads\/2026\/03\/Assurance-prevoyance-pour-medecin-comment-bien-choisir-sa-couverture-2.jpg\" alt=\"d\u00e9couvrez comment bien choisir votre assurance pr\u00e9voyance adapt\u00e9e aux m\u00e9decins pour prot\u00e9ger votre avenir professionnel et personnel efficacement.\" class=\"wp-image-334\" srcset=\"https:\/\/decagone-prevoyance.fr\/blog\/wp-content\/uploads\/2026\/03\/Assurance-prevoyance-pour-medecin-comment-bien-choisir-sa-couverture-2.jpg 1536w, https:\/\/decagone-prevoyance.fr\/blog\/wp-content\/uploads\/2026\/03\/Assurance-prevoyance-pour-medecin-comment-bien-choisir-sa-couverture-2-300x200.jpg 300w, https:\/\/decagone-prevoyance.fr\/blog\/wp-content\/uploads\/2026\/03\/Assurance-prevoyance-pour-medecin-comment-bien-choisir-sa-couverture-2-1024x683.jpg 1024w, https:\/\/decagone-prevoyance.fr\/blog\/wp-content\/uploads\/2026\/03\/Assurance-prevoyance-pour-medecin-comment-bien-choisir-sa-couverture-2-768x512.jpg 768w\" sizes=\"(max-width: 1536px) 100vw, 1536px\" \/><\/figure>\n\n<h2 class=\"wp-block-heading\"><span class=\"ez-toc-section\" id=\"Comment_integrer_la_prevoyance_dans_sa_strategie_financiere_et_patrimoniale\"><\/span>Comment int\u00e9grer la pr\u00e9voyance dans sa strat\u00e9gie financi\u00e8re et patrimoniale ?<span class=\"ez-toc-section-end\"><\/span><\/h2>\n\n<p class=\"wp-block-paragraph\">Au-del\u00e0 de la simple protection sociale, l\u2019assurance pr\u00e9voyance s\u2019inscrit souvent dans une vision plus large de la gestion du patrimoine et de la planification successorale. Pour un m\u00e9decin, particuli\u00e8rement quand il exerce en lib\u00e9ral, la pr\u00e9voyance n\u2019est pas seulement une d\u00e9pense, mais un investissement qui s\u00e9curise l\u2019avenir financier de sa famille et garantit la p\u00e9rennit\u00e9 de son entreprise.<\/p>\n\n<p class=\"wp-block-paragraph\">En terme patrimonial, la garantie d\u00e9c\u00e8s associ\u00e9e \u00e0 une pr\u00e9voyance compl\u00e8te permet d\u2019anticiper la transmission de capital, notamment pour financer les \u00e9tudes des enfants ou prot\u00e9ger un conjoint survivant. La rente \u00e9ducation, bien qu\u2019optionnelle, facilite le maintien du niveau de vie des h\u00e9ritiers et peut pallier les al\u00e9as \u00e9conomiques familiaux.<\/p>\n\n<p class=\"wp-block-paragraph\">Sur le plan fiscal, l\u2019int\u00e9gration de la pr\u00e9voyance selon la loi Madelin optimise la fiscalit\u00e9 personnelle et de l\u2019exercice lib\u00e9ral. Cette optimisation contribue \u00e0 rendre la pr\u00e9voyance plus abordable tout en offrant des perspectives de gains \u00e0 long terme, via la s\u00e9curisation des revenus et la pr\u00e9servation du patrimoine b\u00e2ti.<\/p>\n\n<p class=\"wp-block-paragraph\">Enfin, en cas d\u2019invalidit\u00e9 ou de maladie limite \u00e0 temps, l\u2019apport d\u2019une couverture compl\u00e9mentaire \u00e9vite une rupture brutale dans l\u2019activit\u00e9 et par cons\u00e9quent un risque de cessation. Ce maintien est essentiel non seulement pour la sant\u00e9 financi\u00e8re du praticien, mais aussi pour la confiance des patients et la continuit\u00e9 des soins.<\/p>\n\n<ul class=\"wp-block-list\"><li><strong>Analyser r\u00e9guli\u00e8rement ses besoins<\/strong> en fonction de l\u2019\u00e9volution professionnelle et familiale pour ajuster la couverture.<\/li><li><strong>Mettre en place un contrat modulable<\/strong> permettant d\u2019\u00e9voluer avec les mutations de carri\u00e8re ou des charges familiales.<\/li><li><strong>Associer un courtier pour un suivi permanent<\/strong> et b\u00e9n\u00e9ficier de conseils avis\u00e9s en cas de changement.<\/li><li><strong>Concilier couverture sociale et strat\u00e9gie fiscale<\/strong> pour maximiser les avantages fiscaux et financiers.<\/li><li><strong>Anticiper la transmission<\/strong> via des garanties d\u00e9c\u00e8s adapt\u00e9es.<\/li><\/ul>\n\n<p class=\"wp-block-paragraph\">Cette perspective globale fait de la pr\u00e9voyance un pilier incontournable pour toute strat\u00e9gie durable et s\u00e9curis\u00e9e.<\/p>\n\n<figure class=\"wp-block-image size-full\"><img decoding=\"async\" width=\"1024\" height=\"1536\" src=\"https:\/\/decagone-prevoyance.fr\/blog\/wp-content\/uploads\/2026\/03\/Assurance-prevoyance-pour-medecin-comment-bien-choisir-sa-couverture-3.jpg\" alt=\"d\u00e9couvrez comment choisir la meilleure assurance pr\u00e9voyance pour m\u00e9decin afin de prot\u00e9ger efficacement votre avenir professionnel et personnel.\" class=\"wp-image-335\" srcset=\"https:\/\/decagone-prevoyance.fr\/blog\/wp-content\/uploads\/2026\/03\/Assurance-prevoyance-pour-medecin-comment-bien-choisir-sa-couverture-3.jpg 1024w, https:\/\/decagone-prevoyance.fr\/blog\/wp-content\/uploads\/2026\/03\/Assurance-prevoyance-pour-medecin-comment-bien-choisir-sa-couverture-3-200x300.jpg 200w, https:\/\/decagone-prevoyance.fr\/blog\/wp-content\/uploads\/2026\/03\/Assurance-prevoyance-pour-medecin-comment-bien-choisir-sa-couverture-3-683x1024.jpg 683w, https:\/\/decagone-prevoyance.fr\/blog\/wp-content\/uploads\/2026\/03\/Assurance-prevoyance-pour-medecin-comment-bien-choisir-sa-couverture-3-768x1152.jpg 768w\" sizes=\"(max-width: 1024px) 100vw, 1024px\" \/><\/figure>\n\n<script type=\"application\/ld+json\">\n{\"@context\":\"https:\/\/schema.org\",\"@type\":\"FAQPage\",\"mainEntity\":[{\"@type\":\"Question\",\"name\":\"Quand faut-il souscrire une assurance pru00e9voyance pour un mu00e9decin ?\",\"acceptedAnswer\":{\"@type\":\"Answer\",\"text\":\"Il est conseillu00e9 de souscrire du00e8s le du00e9but de l'exercice professionnel, idu00e9alement pendant l'internat, pour bu00e9nu00e9ficier d'une su00e9lection mu00e9dicale favorable et du2019une couverture sans restriction.\"}},{\"@type\":\"Question\",\"name\":\"Quels critu00e8res sont essentiels pour choisir une pru00e9voyance adaptu00e9e ?\",\"acceptedAnswer\":{\"@type\":\"Answer\",\"text\":\"Le baru00e8me du2019invaliditu00e9 professionnelle, les du00e9lais de carence, la garantie du00e9cu00e8s et la prise en charge des frais professionnels sont des critu00e8res du00e9terminants.\"}},{\"@type\":\"Question\",\"name\":\"La pru00e9voyance est-elle du00e9ductible fiscalement pour les mu00e9decins ?\",\"acceptedAnswer\":{\"@type\":\"Answer\",\"text\":\"Oui, gru00e2ce u00e0 la loi Madelin, les cotisations sont du00e9ductibles du revenu imposable dans certaines limites, ce qui ru00e9duit le cou00fbt effectif de la pru00e9voyance.\"}},{\"@type\":\"Question\",\"name\":\"Comment un courtier peut-il accompagner dans le choix de la pru00e9voyance ?\",\"acceptedAnswer\":{\"@type\":\"Answer\",\"text\":\"Le courtier analyse les besoins professionnels et personnels, compare les offres, nu00e9gocie les garanties, et accompagne le mu00e9decin en cas de sinistre.\"}}]}\n<\/script>\n<h3>Quand faut-il souscrire une assurance pr\u00e9voyance pour un m\u00e9decin ?<\/h3>\n<p>Il est conseill\u00e9 de souscrire d\u00e8s le d\u00e9but de l&rsquo;exercice professionnel, id\u00e9alement pendant l&rsquo;internat, pour b\u00e9n\u00e9ficier d&rsquo;une s\u00e9lection m\u00e9dicale favorable et d\u2019une couverture sans restriction.<\/p>\n<h3>Quels crit\u00e8res sont essentiels pour choisir une pr\u00e9voyance adapt\u00e9e ?<\/h3>\n<p>Le bar\u00e8me d\u2019invalidit\u00e9 professionnelle, les d\u00e9lais de carence, la garantie d\u00e9c\u00e8s et la prise en charge des frais professionnels sont des crit\u00e8res d\u00e9terminants.<\/p>\n<h3>La pr\u00e9voyance est-elle d\u00e9ductible fiscalement pour les m\u00e9decins ?<\/h3>\n<p>Oui, gr\u00e2ce \u00e0 la loi Madelin, les cotisations sont d\u00e9ductibles du revenu imposable dans certaines limites, ce qui r\u00e9duit le co\u00fbt effectif de la pr\u00e9voyance.<\/p>\n<h3>Comment un courtier peut-il accompagner dans le choix de la pr\u00e9voyance ?<\/h3>\n<p>Le courtier analyse les besoins professionnels et personnels, compare les offres, n\u00e9gocie les garanties, et accompagne le m\u00e9decin en cas de sinistre.<\/p>\n\n","protected":false},"excerpt":{"rendered":"<p>Exercer en tant que m\u00e9decin lib\u00e9ral en 2026 implique de naviguer dans un univers o\u00f9 la s\u00e9curit\u00e9 financi\u00e8re et la continuit\u00e9 de revenus deviennent des priorit\u00e9s absolues. La couverture sociale obligatoire, bien qu\u2019existante, pr\u00e9sente des limites notables quant \u00e0 la protection face aux impr\u00e9vus comme l\u2019arr\u00eat maladie, l\u2019invalidit\u00e9 ou encore le d\u00e9c\u00e8s. Face \u00e0 ces &#8230; <a title=\"Assurance pr\u00e9voyance pour m\u00e9decin : comment bien choisir sa couverture\" class=\"read-more\" href=\"https:\/\/decagone-prevoyance.fr\/blog\/assurance-prevoyance-pour-medecin-comment-bien-choisir-sa-couverture-336\" aria-label=\"En savoir plus sur Assurance pr\u00e9voyance pour m\u00e9decin : comment bien choisir sa couverture\">Lire la suite<\/a><\/p>\n","protected":false},"author":4,"featured_media":332,"comment_status":"open","ping_status":"open","sticky":false,"template":"","format":"standard","meta":{"_crdt_document":"","footnotes":""},"categories":[8],"tags":[],"class_list":["post-336","post","type-post","status-publish","format-standard","has-post-thumbnail","hentry","category-prevoyance-retraite"],"_links":{"self":[{"href":"https:\/\/decagone-prevoyance.fr\/blog\/wp-json\/wp\/v2\/posts\/336","targetHints":{"allow":["GET"]}}],"collection":[{"href":"https:\/\/decagone-prevoyance.fr\/blog\/wp-json\/wp\/v2\/posts"}],"about":[{"href":"https:\/\/decagone-prevoyance.fr\/blog\/wp-json\/wp\/v2\/types\/post"}],"author":[{"embeddable":true,"href":"https:\/\/decagone-prevoyance.fr\/blog\/wp-json\/wp\/v2\/users\/4"}],"replies":[{"embeddable":true,"href":"https:\/\/decagone-prevoyance.fr\/blog\/wp-json\/wp\/v2\/comments?post=336"}],"version-history":[{"count":0,"href":"https:\/\/decagone-prevoyance.fr\/blog\/wp-json\/wp\/v2\/posts\/336\/revisions"}],"wp:featuredmedia":[{"embeddable":true,"href":"https:\/\/decagone-prevoyance.fr\/blog\/wp-json\/wp\/v2\/media\/332"}],"wp:attachment":[{"href":"https:\/\/decagone-prevoyance.fr\/blog\/wp-json\/wp\/v2\/media?parent=336"}],"wp:term":[{"taxonomy":"category","embeddable":true,"href":"https:\/\/decagone-prevoyance.fr\/blog\/wp-json\/wp\/v2\/categories?post=336"},{"taxonomy":"post_tag","embeddable":true,"href":"https:\/\/decagone-prevoyance.fr\/blog\/wp-json\/wp\/v2\/tags?post=336"}],"curies":[{"name":"wp","href":"https:\/\/api.w.org\/{rel}","templated":true}]}}